{"id":225735,"date":"2024-12-03T19:56:58","date_gmt":"2024-12-03T22:56:58","guid":{"rendered":"https:\/\/diarioregionaldigital.com.br\/?p=225735"},"modified":"2024-12-03T19:56:58","modified_gmt":"2024-12-03T22:56:58","slug":"dezembro-vermelho-pontos-da-cidade-recebem-iluminacao-especial-como-parte-da-campanha-nacional-de-prevencao-ao-hiv-aids-e-outras-ists","status":"publish","type":"post","link":"https:\/\/diarioregionaldigital.com.br\/?p=225735","title":{"rendered":"Dezembro Vermelho: pontos da cidade recebem ilumina\u00e7\u00e3o especial como parte da Campanha Nacional de Preven\u00e7\u00e3o ao HIV\/Aids e outras ISTs"},"content":{"rendered":"<p>Segundo informa\u00e7\u00f5es do site da Prefeitura de Juiz de Fora (PJF), o\u00a0monumento do Morro do Cristo e a Ponte Wilson Coury Jabour J\u00fanior, na Avenida Brasil, refletem luzes vermelhas neste m\u00eas. A ilumina\u00e7\u00e3o tem\u00e1tica \u00e9 uma iniciativa da Prefeitura de Juiz de Fora (PJF) e faz parte do Dezembro Vermelho,\u00a0 Campanha Nacional de Preven\u00e7\u00e3o ao HIV\/Aids e outras Infec\u00e7\u00f5es Sexualmente Transmiss\u00edveis (ISTs).<\/p>\n<div><\/div>\n<div>A a\u00e7\u00e3o \u00e9 realizada pelas equipes do Departamento de Ilumina\u00e7\u00e3o P\u00fablica da Empresa Municipal de Pavimenta\u00e7\u00e3o e Urbanidades (Empav), e faz parte de um conjunto de atividades voltadas ao tema. Os pontos j\u00e1 contam com ilumina\u00e7\u00e3o especial durante todo o ano, refor\u00e7ando e dando visibilidade para importantes campanhas nacionais de sa\u00fade.<\/div>\n<div><\/div>\n<p>Vale lembrar que todos os trabalhos de zeladoria do munic\u00edpio fazem parte do Programa Boniteza. A programa\u00e7\u00e3o completa das atividades realizadas pela PJF pode ser consultada atrav\u00e9s da p\u00e1gina do Gabinete, pelo<a href=\"https:\/\/www.pjf.mg.gov.br\/gabinetecomunitario\/#onde\">\u00a0link<\/a>.<\/p>\n","protected":false},"excerpt":{"rendered":"<p>Segundo informa\u00e7\u00f5es do site da Prefeitura de Juiz de Fora (PJF), o\u00a0monumento do Morro do Cristo e a Ponte Wilson Coury Jabour J\u00fanior, na Avenida Brasil, refletem luzes vermelhas neste m\u00eas. A ilumina\u00e7\u00e3o tem\u00e1tica \u00e9 uma iniciativa da Prefeitura de Juiz de Fora (PJF) e faz parte do Dezembro Vermelho,\u00a0 Campanha Nacional de Preven\u00e7\u00e3o ao [&hellip;]<\/p>\n","protected":false},"author":246,"featured_media":225736,"comment_status":"closed","ping_status":"closed","sticky":false,"template":"","format":"standard","meta":{"footnotes":""},"categories":[253,436,440,439],"tags":[],"class_list":["post-225735","post","type-post","status-publish","format-standard","has-post-thumbnail","hentry","category-cidade","category-destaque-da-semana","category-destaques-do-dia","category-ultima-hora"],"_links":{"self":[{"href":"https:\/\/diarioregionaldigital.com.br\/index.php?rest_route=\/wp\/v2\/posts\/225735","targetHints":{"allow":["GET"]}}],"collection":[{"href":"https:\/\/diarioregionaldigital.com.br\/index.php?rest_route=\/wp\/v2\/posts"}],"about":[{"href":"https:\/\/diarioregionaldigital.com.br\/index.php?rest_route=\/wp\/v2\/types\/post"}],"author":[{"embeddable":true,"href":"https:\/\/diarioregionaldigital.com.br\/index.php?rest_route=\/wp\/v2\/users\/246"}],"replies":[{"embeddable":true,"href":"https:\/\/diarioregionaldigital.com.br\/index.php?rest_route=%2Fwp%2Fv2%2Fcomments&post=225735"}],"version-history":[{"count":1,"href":"https:\/\/diarioregionaldigital.com.br\/index.php?rest_route=\/wp\/v2\/posts\/225735\/revisions"}],"predecessor-version":[{"id":225737,"href":"https:\/\/diarioregionaldigital.com.br\/index.php?rest_route=\/wp\/v2\/posts\/225735\/revisions\/225737"}],"wp:featuredmedia":[{"embeddable":true,"href":"https:\/\/diarioregionaldigital.com.br\/index.php?rest_route=\/wp\/v2\/media\/225736"}],"wp:attachment":[{"href":"https:\/\/diarioregionaldigital.com.br\/index.php?rest_route=%2Fwp%2Fv2%2Fmedia&parent=225735"}],"wp:term":[{"taxonomy":"category","embeddable":true,"href":"https:\/\/diarioregionaldigital.com.br\/index.php?rest_route=%2Fwp%2Fv2%2Fcategories&post=225735"},{"taxonomy":"post_tag","embeddable":true,"href":"https:\/\/diarioregionaldigital.com.br\/index.php?rest_route=%2Fwp%2Fv2%2Ftags&post=225735"}],"curies":[{"name":"wp","href":"https:\/\/api.w.org\/{rel}","templated":true}]}}