{"id":225711,"date":"2024-12-03T19:45:28","date_gmt":"2024-12-03T22:45:28","guid":{"rendered":"https:\/\/diarioregionaldigital.com.br\/?p=225711"},"modified":"2024-12-03T19:45:28","modified_gmt":"2024-12-03T22:45:28","slug":"estado-paga-r-1342-milhoes-de-passivo-salarial-a-servidores-da-educacao-nesta-sexta-feira-6-12","status":"publish","type":"post","link":"https:\/\/diarioregionaldigital.com.br\/?p=225711","title":{"rendered":"Estado paga R$ 134,2 milh\u00f5es de passivo salarial a servidores da Educa\u00e7\u00e3o nesta sexta-feira (6\/12)"},"content":{"rendered":"<p>Minas Gerais d\u00e1 mais um importante passo para zerar passivos deixados por gest\u00f5es anteriores. Nesta sexta-feira (6\/12), o\u00a0<a href=\"https:\/\/www.mg.gov.br\/\" target=\"_blank\" rel=\"noopener\">Governo do Estado<\/a>\u00a0d\u00e1 in\u00edcio ao pagamento R$ 134,2 milh\u00f5es devidos a 135 mil servidores\u00a0da\u00a0<a href=\"https:\/\/www.educacao.mg.gov.br\/\" target=\"_blank\" rel=\"noopener\">Secretaria de Estado de Educa\u00e7\u00e3o de Minas Gerais (SEE\/MG)<\/a>, contemplados em 2016 com reajuste salarial de 11,36%.<\/p>\n<p>O montante se refere ao per\u00edodo de janeiro a mar\u00e7o daquele ano e ser\u00e1 pago com a folha de novembro. A medida vai beneficiar os servidores da Educa\u00e7\u00e3o estadual que estavam na ativa \u00e0quela \u00e9poca.<\/p>\n<p>Em mar\u00e7o de 2016, atendendo \u00e0 reivindica\u00e7\u00e3o de servidores da Educa\u00e7\u00e3o, o Governo de Minas enviou projeto de lei \u00e0 Assembleia Legislativa de Minas Gerais (ALMG) propondo reajuste de 11,36%, de forma retroativa a janeiro daquele ano, \u00e0s carreiras do Grupo de Atividades de Educa\u00e7\u00e3o B\u00e1sica. A medida seria uma forma de garantir \u00e0 categoria a atualiza\u00e7\u00e3o do Piso Salarial Estadual nos mesmos \u00edndices de corre\u00e7\u00e3o do Piso Salarial Profissional Nacional nos anos de 2016, 2017 e 2018.<\/p>\n<p>Com a san\u00e7\u00e3o do projeto pelo ent\u00e3o governador de Minas \u00e0 \u00e9poca, a Lei 22.062 foi publicada em 21\/4\/2016 no Di\u00e1rio Oficial do Estado, garantindo o reajuste aos servidores da Educa\u00e7\u00e3o retroativo a janeiro daquele ano. No entanto, mesmo com a aprova\u00e7\u00e3o da norma, o percentual de 11,36% s\u00f3 come\u00e7ou a ser pago a partir de abril daquele ano, deixando um passivo para o Estado e descumprindo a lei e acordo firmado anteriormente com a categoria.<\/p>\n<p>Com a pol\u00edtica de valoriza\u00e7\u00e3o dos servidores da Educa\u00e7\u00e3o, adotada pela gest\u00e3o do governador Romeu Zema, Minas Gerais est\u00e1 honrando o pagamento do reajuste concedido \u00e0 categoria em 2016. O Governo de Minas tem mantido tamb\u00e9m o compromisso de fortalecer o quadro efetivo das escolas. Para isso, o Estado j\u00e1 nomeou de 2019 at\u00e9 agora mais de 26 mil servidores.<\/p>\n<p>\u201cEm nossa gest\u00e3o, os compromissos s\u00e3o honrados e a educa\u00e7\u00e3o \u00e9 reconhecida\u201d, enfatizou o vice-governador Professor Mateus\u00a0por meio das redes sociais. Segundo ele, para seguir zerando as d\u00edvidas do passado, o Governo de Minas est\u00e1 pagando as parcelas atrasadas do reajuste do Piso da Educa\u00e7\u00e3o de janeiro a mar\u00e7o de 2016.<\/p>\n<p>\u201cO pagamento do reajuste do piso, que deveria ter sido pago em 2016, representa n\u00e3o apenas a corre\u00e7\u00e3o de uma d\u00edvida hist\u00f3rica, mas tamb\u00e9m o compromisso cont\u00ednuo do Governo de Minas com a valoriza\u00e7\u00e3o de nossos servidores. Essa medida, fruto de muito trabalho, \u00e9 um passo concreto para fortalecer a rela\u00e7\u00e3o de confian\u00e7a com a categoria e continuar construindo uma educa\u00e7\u00e3o p\u00fablica de qualidade\u201d, afirma o secret\u00e1rio de Estado de Educa\u00e7\u00e3o, Igor de Alvarenga.<\/p>\n<p>\u201cO nosso prop\u00f3sito \u00e9 cada vez mais valorizar o servidor p\u00fablico. Sabemos do valor desses profissionais, respons\u00e1veis pela Educa\u00e7\u00e3o em Minas Gerais e pela presta\u00e7\u00e3o de servi\u00e7os l\u00e1 na ponta. Estamos conseguindo avan\u00e7ar, dentro da realidade do nosso Estado, reconhecendo os direitos dos servidores e quitando passivos devidos, com o objetivo de aprimorar sempre\u201d, afirma a secret\u00e1ria de Estado de\u00a0<a href=\"https:\/\/www.mg.gov.br\/planejamento\" target=\"_blank\" rel=\"noopener\">Planejamento e Gest\u00e3o<\/a>, Lu\u00edsa Barreto.<\/p>\n<p>Fonte: Ag\u00eancia Minas<\/p>\n","protected":false},"excerpt":{"rendered":"<p>Minas Gerais d\u00e1 mais um importante passo para zerar passivos deixados por gest\u00f5es anteriores. Nesta sexta-feira (6\/12), o\u00a0Governo do Estado\u00a0d\u00e1 in\u00edcio ao pagamento R$ 134,2 milh\u00f5es devidos a 135 mil servidores\u00a0da\u00a0Secretaria de Estado de Educa\u00e7\u00e3o de Minas Gerais (SEE\/MG), contemplados em 2016 com reajuste salarial de 11,36%. O montante se refere ao per\u00edodo de janeiro [&hellip;]<\/p>\n","protected":false},"author":246,"featured_media":225712,"comment_status":"closed","ping_status":"closed","sticky":false,"template":"","format":"standard","meta":{"footnotes":""},"categories":[436,440,261,254,252,439],"tags":[],"class_list":["post-225711","post","type-post","status-publish","format-standard","has-post-thumbnail","hentry","category-destaque-da-semana","category-destaques-do-dia","category-economia","category-politica","category-regiao","category-ultima-hora"],"_links":{"self":[{"href":"https:\/\/diarioregionaldigital.com.br\/index.php?rest_route=\/wp\/v2\/posts\/225711","targetHints":{"allow":["GET"]}}],"collection":[{"href":"https:\/\/diarioregionaldigital.com.br\/index.php?rest_route=\/wp\/v2\/posts"}],"about":[{"href":"https:\/\/diarioregionaldigital.com.br\/index.php?rest_route=\/wp\/v2\/types\/post"}],"author":[{"embeddable":true,"href":"https:\/\/diarioregionaldigital.com.br\/index.php?rest_route=\/wp\/v2\/users\/246"}],"replies":[{"embeddable":true,"href":"https:\/\/diarioregionaldigital.com.br\/index.php?rest_route=%2Fwp%2Fv2%2Fcomments&post=225711"}],"version-history":[{"count":1,"href":"https:\/\/diarioregionaldigital.com.br\/index.php?rest_route=\/wp\/v2\/posts\/225711\/revisions"}],"predecessor-version":[{"id":225713,"href":"https:\/\/diarioregionaldigital.com.br\/index.php?rest_route=\/wp\/v2\/posts\/225711\/revisions\/225713"}],"wp:featuredmedia":[{"embeddable":true,"href":"https:\/\/diarioregionaldigital.com.br\/index.php?rest_route=\/wp\/v2\/media\/225712"}],"wp:attachment":[{"href":"https:\/\/diarioregionaldigital.com.br\/index.php?rest_route=%2Fwp%2Fv2%2Fmedia&parent=225711"}],"wp:term":[{"taxonomy":"category","embeddable":true,"href":"https:\/\/diarioregionaldigital.com.br\/index.php?rest_route=%2Fwp%2Fv2%2Fcategories&post=225711"},{"taxonomy":"post_tag","embeddable":true,"href":"https:\/\/diarioregionaldigital.com.br\/index.php?rest_route=%2Fwp%2Fv2%2Ftags&post=225711"}],"curies":[{"name":"wp","href":"https:\/\/api.w.org\/{rel}","templated":true}]}}