{"id":225694,"date":"2024-12-02T21:25:05","date_gmt":"2024-12-03T00:25:05","guid":{"rendered":"https:\/\/diarioregionaldigital.com.br\/?p=225694"},"modified":"2024-12-02T21:25:05","modified_gmt":"2024-12-03T00:25:05","slug":"fala-ae-juventude-promove-oficina-de-bateria-no-centro-socioeducativo","status":"publish","type":"post","link":"https:\/\/diarioregionaldigital.com.br\/?p=225694","title":{"rendered":"Fala A\u00ea Juventude promove oficina de bateria no Centro Socioeducativo"},"content":{"rendered":"<p>Segundo informa\u00e7\u00f5es do site da Prefeitura de Juiz de Fora (PJF), na \u00faltima sexta-feira, 29, o Centro Socioeducativo foi palco de uma atividade cultural promovida pelo projeto da Secretaria Especial de Direitos Humanos (SEDH) \u201cFala A\u00ea Juventude &#8211; Centro Socioeducativo\u201d. A a\u00e7\u00e3o contou com a presen\u00e7a do Bloco Afro Il\u00fa Ax\u00e9 Muvuka, que conduziu uma oficina de bateria para cerca de 25 jovens. Entre os objetivos da a\u00e7\u00e3o est\u00e3o fomentar a valoriza\u00e7\u00e3o da cultura afro-brasileira, promover a inclus\u00e3o e estimular a express\u00e3o art\u00edstica dos jovens.<\/p>\n<p>Durante a atividade, os jovens tiveram a oportunidade de aprender sobre os ritmos e as tradi\u00e7\u00f5es do samba-reggae, al\u00e9m de poderem tocar instrumentos de percuss\u00e3o. Rick Guilhem representante do bloco ressaltou a import\u00e2ncia de iniciativas como essa. \u201cEstar no socioeducativo de Juiz de Fora para essa oficina foi muito especial \u00e9 uma oportunidade de levar for\u00e7a para os jovens que est\u00e3o buscando ressignificar suas trajet\u00f3rias. Sentimos a energia e o envolvimento deles, e isso refor\u00e7a nossa cren\u00e7a no poder da arte e da cultura como instrumentos de transforma\u00e7\u00e3o e esperan\u00e7a. Essa experi\u00eancia nos mostrou a necessidade de continuar promovendo a\u00e7\u00f5es que fa\u00e7am a diferen\u00e7a na vida de cada um.\u201d<\/p>\n<p>O projeto \u201cFala A\u00ea Juventude\u201d busca oferecer atividades educativas, culturais e de conscientiza\u00e7\u00e3o para jovens atendidos pelo sistema socioeducativo, promovendo espa\u00e7os de di\u00e1logo, reflex\u00e3o e troca de saberes. A parceria com o bloco afro refor\u00e7a o compromisso de incluir a\u00e7\u00f5es que celebrem a diversidade e contribuam para uma forma\u00e7\u00e3o antirracista dos participantes.<\/p>\n","protected":false},"excerpt":{"rendered":"<p>Segundo informa\u00e7\u00f5es do site da Prefeitura de Juiz de Fora (PJF), na \u00faltima sexta-feira, 29, o Centro Socioeducativo foi palco de uma atividade cultural promovida pelo projeto da Secretaria Especial de Direitos Humanos (SEDH) \u201cFala A\u00ea Juventude &#8211; Centro Socioeducativo\u201d. A a\u00e7\u00e3o contou com a presen\u00e7a do Bloco Afro Il\u00fa Ax\u00e9 Muvuka, que conduziu uma [&hellip;]<\/p>\n","protected":false},"author":246,"featured_media":225695,"comment_status":"closed","ping_status":"closed","sticky":false,"template":"","format":"standard","meta":{"footnotes":""},"categories":[253,436,257,439],"tags":[],"class_list":["post-225694","post","type-post","status-publish","format-standard","has-post-thumbnail","hentry","category-cidade","category-destaque-da-semana","category-esporte","category-ultima-hora"],"_links":{"self":[{"href":"https:\/\/diarioregionaldigital.com.br\/index.php?rest_route=\/wp\/v2\/posts\/225694","targetHints":{"allow":["GET"]}}],"collection":[{"href":"https:\/\/diarioregionaldigital.com.br\/index.php?rest_route=\/wp\/v2\/posts"}],"about":[{"href":"https:\/\/diarioregionaldigital.com.br\/index.php?rest_route=\/wp\/v2\/types\/post"}],"author":[{"embeddable":true,"href":"https:\/\/diarioregionaldigital.com.br\/index.php?rest_route=\/wp\/v2\/users\/246"}],"replies":[{"embeddable":true,"href":"https:\/\/diarioregionaldigital.com.br\/index.php?rest_route=%2Fwp%2Fv2%2Fcomments&post=225694"}],"version-history":[{"count":1,"href":"https:\/\/diarioregionaldigital.com.br\/index.php?rest_route=\/wp\/v2\/posts\/225694\/revisions"}],"predecessor-version":[{"id":225696,"href":"https:\/\/diarioregionaldigital.com.br\/index.php?rest_route=\/wp\/v2\/posts\/225694\/revisions\/225696"}],"wp:featuredmedia":[{"embeddable":true,"href":"https:\/\/diarioregionaldigital.com.br\/index.php?rest_route=\/wp\/v2\/media\/225695"}],"wp:attachment":[{"href":"https:\/\/diarioregionaldigital.com.br\/index.php?rest_route=%2Fwp%2Fv2%2Fmedia&parent=225694"}],"wp:term":[{"taxonomy":"category","embeddable":true,"href":"https:\/\/diarioregionaldigital.com.br\/index.php?rest_route=%2Fwp%2Fv2%2Fcategories&post=225694"},{"taxonomy":"post_tag","embeddable":true,"href":"https:\/\/diarioregionaldigital.com.br\/index.php?rest_route=%2Fwp%2Fv2%2Ftags&post=225694"}],"curies":[{"name":"wp","href":"https:\/\/api.w.org\/{rel}","templated":true}]}}