{"id":225686,"date":"2024-12-02T21:07:24","date_gmt":"2024-12-03T00:07:24","guid":{"rendered":"https:\/\/diarioregionaldigital.com.br\/?p=225686"},"modified":"2024-12-02T21:07:24","modified_gmt":"2024-12-03T00:07:24","slug":"policia-militar-de-minas-gerais-lanca-operacao-para-reforcar-a-seguranca-no-natal","status":"publish","type":"post","link":"https:\/\/diarioregionaldigital.com.br\/?p=225686","title":{"rendered":"Pol\u00edcia Militar de Minas Gerais lan\u00e7a opera\u00e7\u00e3o para refor\u00e7ar a seguran\u00e7a no Natal"},"content":{"rendered":"<p><main class=\"clear margin-md-bottom-3\"><\/p>\n<div class=\"clear \">\n<p>A\u00a0<a href=\"https:\/\/www.policiamilitar.mg.gov.br\/\" target=\"_blank\" rel=\"noopener\">Pol\u00edcia Militar de Minas Gerais (PMMG)<\/a>\u00a0lan\u00e7ou, na manh\u00e3 desta segunda-feira (2\/12), a Opera\u00e7\u00e3o Natalina 2024. A a\u00e7\u00e3o busca garantir tranquilidade e mais seguran\u00e7a para a popula\u00e7\u00e3o em raz\u00e3o do aumento do fluxo de pessoas e do movimento no com\u00e9rcio varejista nas festas de fim de ano.<\/p>\n<p>A opera\u00e7\u00e3o ter\u00e1 um refor\u00e7o do efetivo policial em todo o estado, incluindo militares que atuam em fun\u00e7\u00f5es administrativas, e o emprego de todas as modalidades de policiamento especializado, como Meio Ambiente e Tr\u00e2nsito Rodovi\u00e1rio. Somente em Belo Horizonte, ser\u00e3o 700 policiais a mais nas ruas.<\/p>\n<p>O objetivo \u00e9 intensificar a seguran\u00e7a em todo o estado durante o per\u00edodo de 2\/12 a 31\/12, prevenir os crimes contra o patrim\u00f4nio, como furtos e roubos, a potencializa\u00e7\u00e3o da sensa\u00e7\u00e3o de seguran\u00e7a nas \u00e1reas comerciais e nas chamadas zonas quentes de criminalidade.<\/p>\n<p>A a\u00e7\u00e3o tamb\u00e9m busca chamar a aten\u00e7\u00e3o e conscientizar a popula\u00e7\u00e3o do estado, principalmente os idosos, sobre a atua\u00e7\u00e3o de criminosos que utilizam a internet para aplicar os mais diversos golpes de estelionato, como Pix errado, promo\u00e7\u00f5es tentadoras, falsos atendentes de bancos, cupons de descontos e boletos falsos.<\/p>\n<p>Participaram da solenidade, que ocorreu na Esplanada do Mineir\u00e3o, na Pampulha, o comandante-geral da Pol\u00edcia Militar de Minas Gerais, coronel Carlos Frederico Otoni Garcia, o chefe do estado-maior, coronel Maur\u00edcio Jos\u00e9 de Oliveira, o chefe do Gabinete Militar do governador e coordenador estadual de\u00a0<a href=\"https:\/\/www.defesacivil.mg.gov.br\/\" target=\"_blank\" rel=\"noopener\">Defesa Civil (GMG)<\/a>, coronel Paulo Roberto Bermudes Rezende, o comandante da Primeira Regi\u00e3o (1\u00aa RPM), coronel Gibran Maciel da Silva, o diretor de opera\u00e7\u00f5es (DOP), coronel Ralfe Veiga de Oliveira, o vice-presidente de rela\u00e7\u00f5es p\u00fablicas e sociais da C\u00e2mara de Dirigentes Lojistas (CDL\/BH), Fausto Sebasti\u00e3o Izac, al\u00e9m de representantes da sociedade civil.<\/p>\n<p>O coronel Carlos Frederico Otoni Garcia, frisou que a opera\u00e7\u00e3o natalina \u00e9 uma oportunidade de estreitar os la\u00e7os de integra\u00e7\u00e3o e de parceria entre a PM e a sociedade. \u201cA presen\u00e7a potencializada do policiamento nos centros comerciais faz parte desse processo\u201d, destacou.<\/p>\n<p><strong>Preven\u00e7\u00e3o<\/strong><\/p>\n<p>Com colabora\u00e7\u00e3o da CDL\/BH, a PMMG elaborou cartilhas com dicas de seguran\u00e7a voltadas aos comerciantes e \u00e0 popula\u00e7\u00e3o em geral durante as compras.<\/p>\n<p>A cartilha aborda a import\u00e2ncia da ado\u00e7\u00e3o de medidas de autoprote\u00e7\u00e3o para a preven\u00e7\u00e3o de crimes, sejam eles f\u00edsicos ou virtuais, e ser\u00e1 distribu\u00edda em todo estado.<\/p>\n<p>Vale lembrar que, em outubro, a Pol\u00edcia Militar de Minas Gerais lan\u00e7ou a megacampanha \u201cSe deu d\u00favida, \u00e9 golpe!\u201d, tendo o influencer Ti\u00e3o Bruto Sistem\u00e1tico como garoto-propaganda.<\/p>\n<p>A campanha integra as estrat\u00e9gias da Pol\u00edcia Militar para a redu\u00e7\u00e3o da criminalidade em Minas e foi elaborada com base no trip\u00e9 comunica\u00e7\u00e3o, intelig\u00eancia e opera\u00e7\u00f5es.<\/p>\n<p>Como parte da megacampanha, a Pol\u00edcia Militar, em parceria com a For\u00e7a Integrada de Combate ao Crime Organizado (Ficco) realizou a pris\u00e3o de diversos autores envolvidos em crimes de estelionato, inclusive em outros estados.<\/p>\n<p>Fonte: Ag\u00eancia Minas<\/p>\n<\/div>\n<p><\/main><\/p>\n","protected":false},"excerpt":{"rendered":"<p>A\u00a0Pol\u00edcia Militar de Minas Gerais (PMMG)\u00a0lan\u00e7ou, na manh\u00e3 desta segunda-feira (2\/12), a Opera\u00e7\u00e3o Natalina 2024. A a\u00e7\u00e3o busca garantir tranquilidade e mais seguran\u00e7a para a popula\u00e7\u00e3o em raz\u00e3o do aumento do fluxo de pessoas e do movimento no com\u00e9rcio varejista nas festas de fim de ano. A opera\u00e7\u00e3o ter\u00e1 um refor\u00e7o do efetivo policial em [&hellip;]<\/p>\n","protected":false},"author":246,"featured_media":225687,"comment_status":"closed","ping_status":"closed","sticky":false,"template":"","format":"standard","meta":{"footnotes":""},"categories":[301,436,254,439],"tags":[],"class_list":["post-225686","post","type-post","status-publish","format-standard","has-post-thumbnail","hentry","category-artigos-policiais","category-destaque-da-semana","category-politica","category-ultima-hora"],"_links":{"self":[{"href":"https:\/\/diarioregionaldigital.com.br\/index.php?rest_route=\/wp\/v2\/posts\/225686","targetHints":{"allow":["GET"]}}],"collection":[{"href":"https:\/\/diarioregionaldigital.com.br\/index.php?rest_route=\/wp\/v2\/posts"}],"about":[{"href":"https:\/\/diarioregionaldigital.com.br\/index.php?rest_route=\/wp\/v2\/types\/post"}],"author":[{"embeddable":true,"href":"https:\/\/diarioregionaldigital.com.br\/index.php?rest_route=\/wp\/v2\/users\/246"}],"replies":[{"embeddable":true,"href":"https:\/\/diarioregionaldigital.com.br\/index.php?rest_route=%2Fwp%2Fv2%2Fcomments&post=225686"}],"version-history":[{"count":1,"href":"https:\/\/diarioregionaldigital.com.br\/index.php?rest_route=\/wp\/v2\/posts\/225686\/revisions"}],"predecessor-version":[{"id":225688,"href":"https:\/\/diarioregionaldigital.com.br\/index.php?rest_route=\/wp\/v2\/posts\/225686\/revisions\/225688"}],"wp:featuredmedia":[{"embeddable":true,"href":"https:\/\/diarioregionaldigital.com.br\/index.php?rest_route=\/wp\/v2\/media\/225687"}],"wp:attachment":[{"href":"https:\/\/diarioregionaldigital.com.br\/index.php?rest_route=%2Fwp%2Fv2%2Fmedia&parent=225686"}],"wp:term":[{"taxonomy":"category","embeddable":true,"href":"https:\/\/diarioregionaldigital.com.br\/index.php?rest_route=%2Fwp%2Fv2%2Fcategories&post=225686"},{"taxonomy":"post_tag","embeddable":true,"href":"https:\/\/diarioregionaldigital.com.br\/index.php?rest_route=%2Fwp%2Fv2%2Ftags&post=225686"}],"curies":[{"name":"wp","href":"https:\/\/api.w.org\/{rel}","templated":true}]}}