{"id":225683,"date":"2024-12-02T21:05:44","date_gmt":"2024-12-03T00:05:44","guid":{"rendered":"https:\/\/diarioregionaldigital.com.br\/?p=225683"},"modified":"2024-12-02T21:05:44","modified_gmt":"2024-12-03T00:05:44","slug":"governo-de-minas-intensifica-vacinacao-contra-a-coqueluche-em-todo-o-estado","status":"publish","type":"post","link":"https:\/\/diarioregionaldigital.com.br\/?p=225683","title":{"rendered":"Governo de Minas intensifica vacina\u00e7\u00e3o contra a coqueluche em todo o estado"},"content":{"rendered":"<p>O\u00a0<a href=\"https:\/\/www.mg.gov.br\/\" target=\"_blank\" rel=\"noopener\">Governo de Minas<\/a>, por meio da\u00a0<a href=\"https:\/\/www.saude.mg.gov.br\/\" target=\"_blank\" rel=\"noopener\">Secretaria de Estado de Sa\u00fade de Minas Gerais (SES-MG)<\/a>, intensifica a vacina\u00e7\u00e3o contra a coqueluche a partir desta segunda-feira (2\/12), at\u00e9 31\/3\/2025, nos 853 munic\u00edpios mineiros, com a vacina dTpa.<\/p>\n<p>\u201cO objetivo da SES-MG \u00e9 aumentar a prote\u00e7\u00e3o de p\u00fablicos que lidam diretamente com gr\u00e1vidas, rec\u00e9m-nascidos e crian\u00e7as de at\u00e9 tr\u00eas meses de idade, que ainda n\u00e3o receberam esta vacina\u201d, salienta o subsecret\u00e1rio de Vigil\u00e2ncia em Sa\u00fade, Eduardo Prosdocimi.<\/p>\n<p>O p\u00fablico-alvo da campanha inclui:<\/p>\n<p>\u2022\u00a0\u00a0\u00a0\u00a0\u00a0\u00a0\u00a0\u00a0\u00a0 Profissionais de sa\u00fade p\u00fablica e privada, ambulatorial e hospitalar, especialmente aqueles que atuam em ginecologia, obstetr\u00edcia, parto, p\u00f3s-parto, UTI, UCI neonatal e pediatria;<\/p>\n<p>\u2022\u00a0\u00a0\u00a0\u00a0\u00a0\u00a0\u00a0\u00a0\u00a0 Doulas, que acompanham gestantes durante a gravidez, parto e p\u00f3s-parto;<\/p>\n<p>\u2022\u00a0\u00a0\u00a0\u00a0\u00a0\u00a0\u00a0\u00a0\u00a0 Trabalhadores de ber\u00e7\u00e1rios e creches que cuidam de crian\u00e7as at\u00e9 4 anos de idade.<\/p>\n<p>\u201cPara se vacinar, basta que o profissional de sa\u00fade apresente documento de identifica\u00e7\u00e3o e de comprova\u00e7\u00e3o da sua atua\u00e7\u00e3o \u00e0 unidade de sa\u00fade. Portanto, teremos as vacinas habituais do calend\u00e1rio das crian\u00e7as que iniciam o esquema vacinal a partir do terceiro m\u00eas e tamb\u00e9m para os profissionais de sa\u00fade, em todas as unidades de sa\u00fade do estado de Minas Gerais\u201d, explica o subsecret\u00e1rio.<\/p>\n<p><strong>Doses<\/strong><\/p>\n<p>Para a a\u00e7\u00e3o, ser\u00e3o disponibilizadas 223.796 doses da vacina DTPa, que j\u00e1 est\u00e3o sendo distribu\u00eddas para as Unidades Regionais de Sa\u00fade (URS) em todo o estado, de acordo com a demanda de cada munic\u00edpio.<\/p>\n<p>\u201c\u00c9 fundamental que o governo consiga aumentar o p\u00fablico com acesso a essa vacina para diminuirmos a possibilidade de casos, inclusive graves, e tentar evitar todo e qualquer \u00f3bito dessa doen\u00e7a, que \u00e9 imunopreven\u00edvel, e que, portanto, pode e deve ser evitada com o uso da vacina\u201d, afirma Prosdocimi.<\/p>\n<p><strong>Panorama no estado<\/strong><\/p>\n<p>De acordo com o Sistema de Informa\u00e7\u00e3o de Agravos de Notifica\u00e7\u00e3o (Sinan), em 2024, at\u00e9 a Semana Epidemiol\u00f3gica 46 (de 10 a 16\/11), foram notificados 991 casos suspeitos, sendo 439 confirmados para a doen\u00e7a e dois \u00f3bitos.<\/p>\n<p>Os dois \u00f3bitos foram de rec\u00e9m-nascidos cujas m\u00e3es n\u00e3o tomaram a vacina dTpa durante a gravidez.<\/p>\n<p>De 2021 a 2023, foram 14 casos confirmados em cada ano, sem registros de \u00f3bitos pela doen\u00e7a. Em 2020 foram 37 casos confirmados, tamb\u00e9m sem nenhum \u00f3bito.<\/p>\n<p><strong>Cobertura<\/strong><\/p>\n<p>A vacina\u00e7\u00e3o \u00e9 fundamental para prevenir a coqueluche, especialmente em crian\u00e7as de at\u00e9 6 anos, 11 meses e 29 dias e a meta de cobertura recomendada para a vacina \u00e9 de 95%.<\/p>\n<p>De acordo com o Painel de Vacina\u00e7\u00e3o do Calend\u00e1rio Nacional do Minist\u00e9rio da Sa\u00fade, a cobertura vacinal no estado, entre janeiro e agosto de 2024, das vacinas que protegem contra a coqueluche, chegou a 87,6% para a vacina pentavalente (que imuniza contra difteria, t\u00e9tano, coqueluche, Haemophilus influenzae do tipo b e hepatite B) e 87,62% para a DTP (que imuniza contra a difteria, t\u00e9tano e coqueluche).<\/p>\n<p>J\u00e1 a vacina dTpa &#8211; Gestantes, alcan\u00e7ou 94,02% de cobertura vacinal. Os dados s\u00e3o parciais e est\u00e3o sujeitos a altera\u00e7\u00f5es.<\/p>\n<p><strong>Saiba mais<\/strong><\/p>\n<p>A coqueluche apresenta sintomas semelhantes aos de um resfriado, como coriza, febre leve e tosse, podendo evoluir para uma tosse mais severa, intensa e persistente, al\u00e9m de apresentar v\u00f4mito p\u00f3s tosse e dificuldade para respirar.<\/p>\n<p>Ela \u00e9 transmitida pelo contato direto do doente com uma pessoa n\u00e3o vacinada, por meio de got\u00edculas de saliva eliminadas por tosse, espirro ou ao falar.<\/p>\n<p>Mais informa\u00e7\u00f5es sobre a doen\u00e7a est\u00e3o dispon\u00edvels\u00a0<a href=\"https:\/\/www.saude.mg.gov.br\/vacinamaisminas\/coqueluche\" target=\"_blank\" rel=\"noopener\">neste link<\/a>.<\/p>\n<p>Fonte: Ag\u00eancia Minas<\/p>\n","protected":false},"excerpt":{"rendered":"<p>O\u00a0Governo de Minas, por meio da\u00a0Secretaria de Estado de Sa\u00fade de Minas Gerais (SES-MG), intensifica a vacina\u00e7\u00e3o contra a coqueluche a partir desta segunda-feira (2\/12), at\u00e9 31\/3\/2025, nos 853 munic\u00edpios mineiros, com a vacina dTpa. \u201cO objetivo da SES-MG \u00e9 aumentar a prote\u00e7\u00e3o de p\u00fablicos que lidam diretamente com gr\u00e1vidas, rec\u00e9m-nascidos e crian\u00e7as de at\u00e9 [&hellip;]<\/p>\n","protected":false},"author":246,"featured_media":225684,"comment_status":"closed","ping_status":"closed","sticky":false,"template":"","format":"standard","meta":{"footnotes":""},"categories":[436,254,252,439],"tags":[],"class_list":["post-225683","post","type-post","status-publish","format-standard","has-post-thumbnail","hentry","category-destaque-da-semana","category-politica","category-regiao","category-ultima-hora"],"_links":{"self":[{"href":"https:\/\/diarioregionaldigital.com.br\/index.php?rest_route=\/wp\/v2\/posts\/225683","targetHints":{"allow":["GET"]}}],"collection":[{"href":"https:\/\/diarioregionaldigital.com.br\/index.php?rest_route=\/wp\/v2\/posts"}],"about":[{"href":"https:\/\/diarioregionaldigital.com.br\/index.php?rest_route=\/wp\/v2\/types\/post"}],"author":[{"embeddable":true,"href":"https:\/\/diarioregionaldigital.com.br\/index.php?rest_route=\/wp\/v2\/users\/246"}],"replies":[{"embeddable":true,"href":"https:\/\/diarioregionaldigital.com.br\/index.php?rest_route=%2Fwp%2Fv2%2Fcomments&post=225683"}],"version-history":[{"count":1,"href":"https:\/\/diarioregionaldigital.com.br\/index.php?rest_route=\/wp\/v2\/posts\/225683\/revisions"}],"predecessor-version":[{"id":225685,"href":"https:\/\/diarioregionaldigital.com.br\/index.php?rest_route=\/wp\/v2\/posts\/225683\/revisions\/225685"}],"wp:featuredmedia":[{"embeddable":true,"href":"https:\/\/diarioregionaldigital.com.br\/index.php?rest_route=\/wp\/v2\/media\/225684"}],"wp:attachment":[{"href":"https:\/\/diarioregionaldigital.com.br\/index.php?rest_route=%2Fwp%2Fv2%2Fmedia&parent=225683"}],"wp:term":[{"taxonomy":"category","embeddable":true,"href":"https:\/\/diarioregionaldigital.com.br\/index.php?rest_route=%2Fwp%2Fv2%2Fcategories&post=225683"},{"taxonomy":"post_tag","embeddable":true,"href":"https:\/\/diarioregionaldigital.com.br\/index.php?rest_route=%2Fwp%2Fv2%2Ftags&post=225683"}],"curies":[{"name":"wp","href":"https:\/\/api.w.org\/{rel}","templated":true}]}}