{"id":225677,"date":"2024-12-02T21:02:22","date_gmt":"2024-12-03T00:02:22","guid":{"rendered":"https:\/\/diarioregionaldigital.com.br\/?p=225677"},"modified":"2024-12-02T21:02:22","modified_gmt":"2024-12-03T00:02:22","slug":"governo-de-minas-paga-terceira-parcela-do-programa-de-recuperacao-economica-para-a-uniao","status":"publish","type":"post","link":"https:\/\/diarioregionaldigital.com.br\/?p=225677","title":{"rendered":"Governo de Minas paga terceira parcela do Programa de Recupera\u00e7\u00e3o Econ\u00f4mica para a Uni\u00e3o"},"content":{"rendered":"<p>O\u00a0<a href=\"https:\/\/www.mg.gov.br\/\" target=\"_blank\" rel=\"noopener\">Governo de Minas<\/a>\u00a0transferiu, nesta segunda-feira (2\/12), R$ 296,2 milh\u00f5es ao Tesouro Nacional, valor referente \u00e0 terceira parcela do acordo da d\u00edvida com a Uni\u00e3o, firmado no dia 29\/8\/2024.<\/p>\n<p>O pagamento \u00e9 feito nos moldes do Regime de Recupera\u00e7\u00e3o Fiscal (RRF), com parcelas reduzidas. Em outubro, foram pagos R$ 286,7 milh\u00f5es e, em novembro, R$ 291,7 milh\u00f5es.<\/p>\n<table border=\"0\" cellspacing=\"1\" cellpadding=\"1\" align=\"center\">\n<tbody>\n<tr>\n<td colspan=\"5\"><img decoding=\"async\" src=\"https:\/\/www.agenciaminas.mg.gov.br\/ckeditor_assets\/pictures\/20949\/content_2_olho_topo.jpg\" alt=\"\" \/><\/td>\n<\/tr>\n<tr>\n<td><\/td>\n<td colspan=\"3\" rowspan=\"3\">\n<h1><strong>&#8220;Compromisso cumprido, quitamos a terceira parcela da d\u00edvida do Estado com a Uni\u00e3o, de R$ 296,2 milh\u00f5es. Desde 2019, j\u00e1 pagamos R$ 7,9 bilh\u00f5es dessa d\u00edvida feita h\u00e1 cerca de 30 anos e que n\u00f3s mineiros temos que pagar&#8221;, disse o governador\u00a0Romeu Zema.<\/strong><\/h1>\n<\/td>\n<td><\/td>\n<\/tr>\n<tr>\n<td><\/td>\n<td><\/td>\n<\/tr>\n<tr>\n<td><\/td>\n<td><\/td>\n<\/tr>\n<tr>\n<td colspan=\"5\"><img decoding=\"async\" src=\"https:\/\/www.agenciaminas.mg.gov.br\/ckeditor_assets\/pictures\/20950\/content_2_olho_inferior.jpg\" alt=\"\" \/><\/td>\n<\/tr>\n<\/tbody>\n<\/table>\n<p>A homologa\u00e7\u00e3o do RRF n\u00e3o impede que, futuramente, o Estado migre para o Programa de Pleno Pagamento de D\u00edvidas dos Estados (Propag), desde que em condi\u00e7\u00f5es mais favor\u00e1veis, assim que este for aprovado pelo Congresso Nacional.<\/p>\n<p><strong>Hist\u00f3rico<\/strong><\/p>\n<p>Desde agosto de 2022, Minas Gerais j\u00e1 vinha efetuando o pagamento de parcelas mensais de, aproximadamente, R$ 200 milh\u00f5es, referentes ao contrato do artigo 23 da Lei Complementar 178\/2021, al\u00e9m de outros pagamentos realizados no per\u00edodo. Somente neste ano, foram pagos R$ 2,5 bilh\u00f5es \u00e0 Uni\u00e3o, a t\u00edtulo da d\u00edvida.<\/p>\n<p>&nbsp;<\/p>\n<p>Fonte: Ag\u00eancia Minas<\/p>\n","protected":false},"excerpt":{"rendered":"<p>O\u00a0Governo de Minas\u00a0transferiu, nesta segunda-feira (2\/12), R$ 296,2 milh\u00f5es ao Tesouro Nacional, valor referente \u00e0 terceira parcela do acordo da d\u00edvida com a Uni\u00e3o, firmado no dia 29\/8\/2024. O pagamento \u00e9 feito nos moldes do Regime de Recupera\u00e7\u00e3o Fiscal (RRF), com parcelas reduzidas. Em outubro, foram pagos R$ 286,7 milh\u00f5es e, em novembro, R$ 291,7 [&hellip;]<\/p>\n","protected":false},"author":246,"featured_media":225678,"comment_status":"closed","ping_status":"closed","sticky":false,"template":"","format":"standard","meta":{"footnotes":""},"categories":[436,440,261,254,439],"tags":[],"class_list":["post-225677","post","type-post","status-publish","format-standard","has-post-thumbnail","hentry","category-destaque-da-semana","category-destaques-do-dia","category-economia","category-politica","category-ultima-hora"],"_links":{"self":[{"href":"https:\/\/diarioregionaldigital.com.br\/index.php?rest_route=\/wp\/v2\/posts\/225677","targetHints":{"allow":["GET"]}}],"collection":[{"href":"https:\/\/diarioregionaldigital.com.br\/index.php?rest_route=\/wp\/v2\/posts"}],"about":[{"href":"https:\/\/diarioregionaldigital.com.br\/index.php?rest_route=\/wp\/v2\/types\/post"}],"author":[{"embeddable":true,"href":"https:\/\/diarioregionaldigital.com.br\/index.php?rest_route=\/wp\/v2\/users\/246"}],"replies":[{"embeddable":true,"href":"https:\/\/diarioregionaldigital.com.br\/index.php?rest_route=%2Fwp%2Fv2%2Fcomments&post=225677"}],"version-history":[{"count":1,"href":"https:\/\/diarioregionaldigital.com.br\/index.php?rest_route=\/wp\/v2\/posts\/225677\/revisions"}],"predecessor-version":[{"id":225679,"href":"https:\/\/diarioregionaldigital.com.br\/index.php?rest_route=\/wp\/v2\/posts\/225677\/revisions\/225679"}],"wp:featuredmedia":[{"embeddable":true,"href":"https:\/\/diarioregionaldigital.com.br\/index.php?rest_route=\/wp\/v2\/media\/225678"}],"wp:attachment":[{"href":"https:\/\/diarioregionaldigital.com.br\/index.php?rest_route=%2Fwp%2Fv2%2Fmedia&parent=225677"}],"wp:term":[{"taxonomy":"category","embeddable":true,"href":"https:\/\/diarioregionaldigital.com.br\/index.php?rest_route=%2Fwp%2Fv2%2Fcategories&post=225677"},{"taxonomy":"post_tag","embeddable":true,"href":"https:\/\/diarioregionaldigital.com.br\/index.php?rest_route=%2Fwp%2Fv2%2Ftags&post=225677"}],"curies":[{"name":"wp","href":"https:\/\/api.w.org\/{rel}","templated":true}]}}