{"id":225668,"date":"2024-11-29T18:39:44","date_gmt":"2024-11-29T21:39:44","guid":{"rendered":"https:\/\/diarioregionaldigital.com.br\/?p=225668"},"modified":"2024-11-29T18:39:44","modified_gmt":"2024-11-29T21:39:44","slug":"rua-batista-de-oliveira-e-fechada-para-cantata-de-natal-nesta-sexta-29","status":"publish","type":"post","link":"https:\/\/diarioregionaldigital.com.br\/?p=225668","title":{"rendered":"Rua Batista de Oliveira \u00e9 fechada para \u201cCantata de Natal\u201d nesta sexta, 29"},"content":{"rendered":"<p>Segundo informa\u00e7\u00f5es do site da Prefeitura de Juiz de Fora (PJF), para a apresenta\u00e7\u00e3o da \u201cCantata de Natal\u201d do Col\u00e9gio Granbery, a Rua Batista de Oliveira, entre a Avenida Itamar Franco e a Rua Sampaio, e a Rua Ant\u00f4nio Dias, entre a Bar\u00e3o de Santa Helena at\u00e9 a Batista de Oliveira, ser\u00e3o interditadas nesta sexta-feira, 29, a partir das 17h30 at\u00e9 o t\u00e9rmino do evento, previsto para \u00e0s 20h. As vagas de estacionamento em frente ao col\u00e9gio tamb\u00e9m foram fechadas para a apresenta\u00e7\u00e3o.<\/p>\n","protected":false},"excerpt":{"rendered":"<p>Segundo informa\u00e7\u00f5es do site da Prefeitura de Juiz de Fora (PJF), para a apresenta\u00e7\u00e3o da \u201cCantata de Natal\u201d do Col\u00e9gio Granbery, a Rua Batista de Oliveira, entre a Avenida Itamar Franco e a Rua Sampaio, e a Rua Ant\u00f4nio Dias, entre a Bar\u00e3o de Santa Helena at\u00e9 a Batista de Oliveira, ser\u00e3o interditadas nesta sexta-feira, [&hellip;]<\/p>\n","protected":false},"author":246,"featured_media":225669,"comment_status":"closed","ping_status":"closed","sticky":false,"template":"","format":"standard","meta":{"footnotes":""},"categories":[253,436,439],"tags":[],"class_list":["post-225668","post","type-post","status-publish","format-standard","has-post-thumbnail","hentry","category-cidade","category-destaque-da-semana","category-ultima-hora"],"_links":{"self":[{"href":"https:\/\/diarioregionaldigital.com.br\/index.php?rest_route=\/wp\/v2\/posts\/225668","targetHints":{"allow":["GET"]}}],"collection":[{"href":"https:\/\/diarioregionaldigital.com.br\/index.php?rest_route=\/wp\/v2\/posts"}],"about":[{"href":"https:\/\/diarioregionaldigital.com.br\/index.php?rest_route=\/wp\/v2\/types\/post"}],"author":[{"embeddable":true,"href":"https:\/\/diarioregionaldigital.com.br\/index.php?rest_route=\/wp\/v2\/users\/246"}],"replies":[{"embeddable":true,"href":"https:\/\/diarioregionaldigital.com.br\/index.php?rest_route=%2Fwp%2Fv2%2Fcomments&post=225668"}],"version-history":[{"count":1,"href":"https:\/\/diarioregionaldigital.com.br\/index.php?rest_route=\/wp\/v2\/posts\/225668\/revisions"}],"predecessor-version":[{"id":225670,"href":"https:\/\/diarioregionaldigital.com.br\/index.php?rest_route=\/wp\/v2\/posts\/225668\/revisions\/225670"}],"wp:featuredmedia":[{"embeddable":true,"href":"https:\/\/diarioregionaldigital.com.br\/index.php?rest_route=\/wp\/v2\/media\/225669"}],"wp:attachment":[{"href":"https:\/\/diarioregionaldigital.com.br\/index.php?rest_route=%2Fwp%2Fv2%2Fmedia&parent=225668"}],"wp:term":[{"taxonomy":"category","embeddable":true,"href":"https:\/\/diarioregionaldigital.com.br\/index.php?rest_route=%2Fwp%2Fv2%2Fcategories&post=225668"},{"taxonomy":"post_tag","embeddable":true,"href":"https:\/\/diarioregionaldigital.com.br\/index.php?rest_route=%2Fwp%2Fv2%2Ftags&post=225668"}],"curies":[{"name":"wp","href":"https:\/\/api.w.org\/{rel}","templated":true}]}}