{"id":225662,"date":"2024-11-29T18:37:00","date_gmt":"2024-11-29T21:37:00","guid":{"rendered":"https:\/\/diarioregionaldigital.com.br\/?p=225662"},"modified":"2024-11-29T18:37:00","modified_gmt":"2024-11-29T21:37:00","slug":"futebol-de-varzea-de-sp-ganha-exposicao-no-museu-do-futebol","status":"publish","type":"post","link":"https:\/\/diarioregionaldigital.com.br\/?p=225662","title":{"rendered":"Futebol de V\u00e1rzea de SP ganha exposi\u00e7\u00e3o no Museu do Futebol"},"content":{"rendered":"<p>O futebol amador paulista \u00e9 protagonista, a partir desta sexta-feira (29), da exposi\u00e7\u00e3o Vozes da V\u00e1rzea no Museu do Futebol, em S\u00e3o Paulo. Com curadoria de\u00a0 Alberto Luiz dos Santos e Diego Vi\u00f1as, a pr\u00e1tica esportiva \u2013 iniciada nas v\u00e1rzeas de rios que cortam a cidade de S\u00e3o Paulo, como o Tamanduate\u00ed \u2013 \u00e9 apresentada por meio de imagens, textos, mapas, instala\u00e7\u00f5es audiovisuais e objetos.<img decoding=\"async\" src=\"https:\/\/agenciabrasil.ebc.com.br\/ebc.png?id=1621745&amp;o=node\" \/><img decoding=\"async\" src=\"https:\/\/agenciabrasil.ebc.com.br\/ebc.gif?id=1621745&amp;o=node\" \/><\/p>\n<p>A exposi\u00e7\u00e3o \u00e9 dividida em cinco sess\u00f5es tem\u00e1ticas: Campos e Resist\u00eancias; Lembrar \u00e9 Resistir; Economia da V\u00e1rzea; Chega pra Somar; e Culturas em Campo. Entre os destaques da mostra est\u00e3o mais de 500 registros relacionados ao futebol de v\u00e1rzea em S\u00e3o Paulo. S\u00e3o fotos, v\u00eddeos, camisas, medalhas, incluindo churrasqueiras, muito utilizadas ap\u00f3s o fim das partidas.<\/p>\n<div class=\"dnd-widget-wrapper context-cheio_8colunas type-image\">\n<div class=\"dnd-atom-rendered\"><img decoding=\"async\" title=\"Paulo Pinto\/Ag\u00eancia Brasil\" src=\"https:\/\/imagens.ebc.com.br\/y2S_F-JMKtTooLUNGJlHf1gvS10=\/754x0\/smart\/https:\/\/agenciabrasil.ebc.com.br\/sites\/default\/files\/thumbnails\/image\/2024\/11\/28\/vozes_varzea_07.jpg?itok=6PpUZHh8\" alt=\"S\u00e3o Paulo (SP), 28\/11\/2024 - Exposi\u00e7\u00e3o no Museu do Futebol \" \/><\/div>\n<div class=\"dnd-caption-wrapper\">\n<div class=\"meta\">S\u00e3o Paulo &#8211; Exposi\u00e7\u00e3o no Museu do Futebol &#8221; Vozes da V\u00e1rzea&#8221; &#8211; Foto\u00a0<strong>Paulo Pinto\/Ag\u00eancia Brasil<\/strong><\/div>\n<\/div>\n<\/div>\n<p>Uma instala\u00e7\u00e3o especial re\u00fane dezenas de camisas dos times, de acervos dos curadores e de personalidades da v\u00e1rzea. Tamb\u00e9m \u00e9 poss\u00edvel ouvir na exposi\u00e7\u00e3o as m\u00fasicas que animam os churrascos ap\u00f3s os jogos. H\u00e1 uma lista indicada por \u201cDJs da v\u00e1rzea\u201d que pode ser ouvida em uma caixa de som tipicamente usada no churrasquinho.<\/p>\n<p>O Museu do Futebol de S\u00e3o Paulo funciona no est\u00e1dio do Pacaembu, de ter\u00e7a-feira a domingo, das 9h \u00e0s 18h. A entrada \u00e9 gratuita \u00e0s ter\u00e7as-feiras.<\/p>\n<p>Fonte: Ag\u00eancia Brasil<\/p>\n","protected":false},"excerpt":{"rendered":"<p>O futebol amador paulista \u00e9 protagonista, a partir desta sexta-feira (29), da exposi\u00e7\u00e3o Vozes da V\u00e1rzea no Museu do Futebol, em S\u00e3o Paulo. Com curadoria de\u00a0 Alberto Luiz dos Santos e Diego Vi\u00f1as, a pr\u00e1tica esportiva \u2013 iniciada nas v\u00e1rzeas de rios que cortam a cidade de S\u00e3o Paulo, como o Tamanduate\u00ed \u2013 \u00e9 apresentada [&hellip;]<\/p>\n","protected":false},"author":246,"featured_media":225663,"comment_status":"closed","ping_status":"closed","sticky":false,"template":"","format":"standard","meta":{"footnotes":""},"categories":[436,440,257,439],"tags":[],"class_list":["post-225662","post","type-post","status-publish","format-standard","has-post-thumbnail","hentry","category-destaque-da-semana","category-destaques-do-dia","category-esporte","category-ultima-hora"],"_links":{"self":[{"href":"https:\/\/diarioregionaldigital.com.br\/index.php?rest_route=\/wp\/v2\/posts\/225662","targetHints":{"allow":["GET"]}}],"collection":[{"href":"https:\/\/diarioregionaldigital.com.br\/index.php?rest_route=\/wp\/v2\/posts"}],"about":[{"href":"https:\/\/diarioregionaldigital.com.br\/index.php?rest_route=\/wp\/v2\/types\/post"}],"author":[{"embeddable":true,"href":"https:\/\/diarioregionaldigital.com.br\/index.php?rest_route=\/wp\/v2\/users\/246"}],"replies":[{"embeddable":true,"href":"https:\/\/diarioregionaldigital.com.br\/index.php?rest_route=%2Fwp%2Fv2%2Fcomments&post=225662"}],"version-history":[{"count":1,"href":"https:\/\/diarioregionaldigital.com.br\/index.php?rest_route=\/wp\/v2\/posts\/225662\/revisions"}],"predecessor-version":[{"id":225664,"href":"https:\/\/diarioregionaldigital.com.br\/index.php?rest_route=\/wp\/v2\/posts\/225662\/revisions\/225664"}],"wp:featuredmedia":[{"embeddable":true,"href":"https:\/\/diarioregionaldigital.com.br\/index.php?rest_route=\/wp\/v2\/media\/225663"}],"wp:attachment":[{"href":"https:\/\/diarioregionaldigital.com.br\/index.php?rest_route=%2Fwp%2Fv2%2Fmedia&parent=225662"}],"wp:term":[{"taxonomy":"category","embeddable":true,"href":"https:\/\/diarioregionaldigital.com.br\/index.php?rest_route=%2Fwp%2Fv2%2Fcategories&post=225662"},{"taxonomy":"post_tag","embeddable":true,"href":"https:\/\/diarioregionaldigital.com.br\/index.php?rest_route=%2Fwp%2Fv2%2Ftags&post=225662"}],"curies":[{"name":"wp","href":"https:\/\/api.w.org\/{rel}","templated":true}]}}