{"id":225659,"date":"2024-11-29T18:35:22","date_gmt":"2024-11-29T21:35:22","guid":{"rendered":"https:\/\/diarioregionaldigital.com.br\/?p=225659"},"modified":"2024-11-29T18:35:22","modified_gmt":"2024-11-29T21:35:22","slug":"governo-de-minas-assina-pacto-pela-inovacao-em-uberlandia","status":"publish","type":"post","link":"https:\/\/diarioregionaldigital.com.br\/?p=225659","title":{"rendered":"Governo de Minas assina Pacto pela Inova\u00e7\u00e3o em Uberl\u00e2ndia"},"content":{"rendered":"<p>Minas \u00e9 o melhor lugar para inovar e investir. E para expandir ainda mais o ecossistema mineiro de inova\u00e7\u00e3o, o\u00a0<a id=\"OWAf8d7b542-11bd-8a34-5b8c-4489f4974dc2\" title=\"https:\/\/www.mg.gov.br\/\" href=\"https:\/\/www.mg.gov.br\/\" target=\"_blank\" rel=\"noopener noreferrer\" data-auth=\"NotApplicable\" data-linkindex=\"0\">Governo de Minas<\/a>, por meio da\u00a0<a id=\"OWA08a82daa-b16c-86b4-0a80-66d6f84485af\" title=\"https:\/\/desenvolvimento.mg.gov.br\/\" href=\"https:\/\/desenvolvimento.mg.gov.br\/\" target=\"_blank\" rel=\"noopener noreferrer\" data-auth=\"NotApplicable\" data-linkindex=\"1\">Secretaria de Estado de Desenvolvimento Econ\u00f4mico (Sede-MG)<\/a>, tem apoiado iniciativas que reforcem o potencial do estado nas \u00e1reas de Ci\u00eancia, Tecnologia e Inova\u00e7\u00e3o (CT&amp;I). O Pacto pela Inova\u00e7\u00e3o em Uberl\u00e2ndia \u00e9 mais um aliado nesse processo.<\/p>\n<p>Com 21 signat\u00e1rios, o Pacto pela Inova\u00e7\u00e3o foi lan\u00e7ado oficialmente na abertura do Uberl\u00e2ndia Summit, principal evento de tecnologia e inova\u00e7\u00e3o da cidade, na\u00a0ter\u00e7a-feira (26\/11). O objetivo \u00e9 reconhecer e posicionar a cidade como um importante polo de inova\u00e7\u00e3o e tecnologia do interior do Brasil.<\/p>\n<p>&#8220;O Governo de Minas apoia e continuar\u00e1 apoiando iniciativas como essa, que tornam o ecossistema mineiro de tecnologia e inova\u00e7\u00e3o ainda mais pujante. A\u00a0 comunidade de inova\u00e7\u00e3o da cidade, o Uberhub, tem feito um trabalho excepcional, e \u00e9 um exemplo para todo o estado\u201d, afirma o secret\u00e1rio Executivo de Estado de Desenvolvimento Econ\u00f4mico, Bruno Ara\u00fajo.<\/p>\n<p><strong>Pacto pela Inova\u00e7\u00e3o<\/strong><\/p>\n<p>A iniciativa visa criar condi\u00e7\u00f5es para que a cidade do Tri\u00e2ngulo Mineiro se transforme no principal polo de inova\u00e7\u00e3o do interior do pa\u00eds. O Pacto j\u00e1 conta com importantes signat\u00e1rios, representantes da qu\u00e1drupla h\u00e9lice \u2014 Poder P\u00fablico, academia, setor privado e sociedade. A a\u00e7\u00e3o est\u00e1 aberta a ades\u00f5es de institui\u00e7\u00f5es interessadas em fazer parte, que podem acessar o\u00a0<a id=\"OWAc2a89979-0b74-7a7b-15a2-0461180bfdd6\" title=\"https:\/\/pactopelainovacaoudi.com.br\/\" href=\"https:\/\/pactopelainovacaoudi.com.br\/\" target=\"_blank\" rel=\"noopener noreferrer\" data-auth=\"NotApplicable\" data-linkindex=\"2\">site da iniciativa<\/a>\u00a0para saber detalhes e submeter pedido de participa\u00e7\u00e3o.<\/p>\n<p>&#8220;O Governo de Minas \u00e9 parceiro chave para fortalecer o ecossistema de inova\u00e7\u00e3o de Uberl\u00e2ndia, apoiando pol\u00edticas p\u00fablicas e investimentos que criam um ambiente prop\u00edcio ao desenvolvimento de tecnologias e neg\u00f3cios&#8221;, destaca o l\u00edder de comunidade no Uberhub, Ferdinando Kun.<\/p>\n<p>Para a elaborar e implementar o Pacto pela Inova\u00e7\u00e3o, foram definidas algumas etapas de execu\u00e7\u00e3o. As etapas de Reuni\u00e3o e Pacta\u00e7\u00e3o j\u00e1 foram executadas e envolveram os principais atores de inova\u00e7\u00e3o da cidade para identificar desafios e acordar solu\u00e7\u00f5es.<\/p>\n<p>As etapas de Defini\u00e7\u00e3o de Projetos e Monitoramento e Impacto ainda ser\u00e3o executadas. A primeira est\u00e1 prevista para iniciar em fevereiro de 2025, quando ser\u00e3o definidos os desafios priorit\u00e1rios que dar\u00e3o origem a projetos colaborativos. Por sua vez, as etapas de Monitoramento e Impacto ser\u00e3o executadas conforme a implementa\u00e7\u00e3o desses projetos, para medir a efici\u00eancia e o impacto econ\u00f4mico deles.<\/p>\n<p><strong>Ecossistema de Inova\u00e7\u00e3o de Uberl\u00e2ndia<\/strong><\/p>\n<p>Com mais de 500 empresas de tecnologia, entre\u00a0startups\u00a0e neg\u00f3cios de base tecnol\u00f3gica, que impulsionam a cria\u00e7\u00e3o de mais de mil vagas na \u00e1rea de inova\u00e7\u00e3o, Uberl\u00e2ndia se destaca como um dos principais polos de inova\u00e7\u00e3o do Brasil. Esses empreendimentos s\u00e3o impulsionados pelo UberHub, comunidade de inova\u00e7\u00e3o do munic\u00edpio, que conta com mais de 25 mil pessoas.<\/p>\n<p>Em 2024, Uberl\u00e2ndia teve 14 finalistas e TOP3 no Startup Awards, o maior reconhecimento de inova\u00e7\u00e3o do Brasil. Al\u00e9m disso,\u00a0startups\u00a0locais t\u00eam ganhado destaque nacional e internacional, com casos de empresas adquiridas por grandes corpora\u00e7\u00f5es nacionais e at\u00e9 por empresas do Vale do Sil\u00edcio, comprovando o impacto e o potencial da inova\u00e7\u00e3o da cidade.<\/p>\n<p>Fonte: Ag\u00eancia Minas<\/p>\n","protected":false},"excerpt":{"rendered":"<p>Minas \u00e9 o melhor lugar para inovar e investir. E para expandir ainda mais o ecossistema mineiro de inova\u00e7\u00e3o, o\u00a0Governo de Minas, por meio da\u00a0Secretaria de Estado de Desenvolvimento Econ\u00f4mico (Sede-MG), tem apoiado iniciativas que reforcem o potencial do estado nas \u00e1reas de Ci\u00eancia, Tecnologia e Inova\u00e7\u00e3o (CT&amp;I). O Pacto pela Inova\u00e7\u00e3o em Uberl\u00e2ndia \u00e9 [&hellip;]<\/p>\n","protected":false},"author":246,"featured_media":225660,"comment_status":"closed","ping_status":"closed","sticky":false,"template":"","format":"standard","meta":{"footnotes":""},"categories":[436,440,261,254,439],"tags":[],"class_list":["post-225659","post","type-post","status-publish","format-standard","has-post-thumbnail","hentry","category-destaque-da-semana","category-destaques-do-dia","category-economia","category-politica","category-ultima-hora"],"_links":{"self":[{"href":"https:\/\/diarioregionaldigital.com.br\/index.php?rest_route=\/wp\/v2\/posts\/225659","targetHints":{"allow":["GET"]}}],"collection":[{"href":"https:\/\/diarioregionaldigital.com.br\/index.php?rest_route=\/wp\/v2\/posts"}],"about":[{"href":"https:\/\/diarioregionaldigital.com.br\/index.php?rest_route=\/wp\/v2\/types\/post"}],"author":[{"embeddable":true,"href":"https:\/\/diarioregionaldigital.com.br\/index.php?rest_route=\/wp\/v2\/users\/246"}],"replies":[{"embeddable":true,"href":"https:\/\/diarioregionaldigital.com.br\/index.php?rest_route=%2Fwp%2Fv2%2Fcomments&post=225659"}],"version-history":[{"count":1,"href":"https:\/\/diarioregionaldigital.com.br\/index.php?rest_route=\/wp\/v2\/posts\/225659\/revisions"}],"predecessor-version":[{"id":225661,"href":"https:\/\/diarioregionaldigital.com.br\/index.php?rest_route=\/wp\/v2\/posts\/225659\/revisions\/225661"}],"wp:featuredmedia":[{"embeddable":true,"href":"https:\/\/diarioregionaldigital.com.br\/index.php?rest_route=\/wp\/v2\/media\/225660"}],"wp:attachment":[{"href":"https:\/\/diarioregionaldigital.com.br\/index.php?rest_route=%2Fwp%2Fv2%2Fmedia&parent=225659"}],"wp:term":[{"taxonomy":"category","embeddable":true,"href":"https:\/\/diarioregionaldigital.com.br\/index.php?rest_route=%2Fwp%2Fv2%2Fcategories&post=225659"},{"taxonomy":"post_tag","embeddable":true,"href":"https:\/\/diarioregionaldigital.com.br\/index.php?rest_route=%2Fwp%2Fv2%2Ftags&post=225659"}],"curies":[{"name":"wp","href":"https:\/\/api.w.org\/{rel}","templated":true}]}}