{"id":225656,"date":"2024-11-29T18:34:18","date_gmt":"2024-11-29T21:34:18","guid":{"rendered":"https:\/\/diarioregionaldigital.com.br\/?p=225656"},"modified":"2024-11-29T18:34:18","modified_gmt":"2024-11-29T21:34:18","slug":"governo-de-minas-paga-mais-uma-remessa-de-ferias-premio-nesta-sexta-feira-29-11","status":"publish","type":"post","link":"https:\/\/diarioregionaldigital.com.br\/?p=225656","title":{"rendered":"Governo de Minas paga mais uma remessa de f\u00e9rias-pr\u00eamio nesta sexta-feira (29\/11)"},"content":{"rendered":"<p>O\u00a0<a href=\"https:\/\/www.mg.gov.br\/\" target=\"_blank\" rel=\"noopener\">Governo de Minas<\/a>, por meio da\u00a0<a href=\"https:\/\/www.mg.gov.br\/planejamento\" target=\"_blank\" rel=\"noopener\">Secretaria de Estado de Planejamento e Gest\u00e3o (Seplag-MG)<\/a>, paga, nesta sexta-feira (29\/11), uma nova remessa de f\u00e9rias-pr\u00eamio do funcionalismo p\u00fablico. No total, 110 servidores recebem o benef\u00edcio, somando cerca de R$ 2,601 milh\u00f5es em pagamentos.<\/p>\n<p>O passivo de f\u00e9rias-pr\u00eamio vem sendo pago desde setembro de 2021 e, at\u00e9 o momento, os pagamentos abrangem 43.219 servidores, totalizando R$ 1,214 bilh\u00e3o.<\/p>\n<p>O pagamento se refere a servidores estaduais com direitos adquiridos at\u00e9 2004, que tiveram o pagamento de f\u00e9rias-pr\u00eamio paralisado em 2015. O pagamento foi retomado em 2019 e, em 2021, foi estabelecido um cronograma para pagar todo o passivo registrado em julho daquele ano.<\/p>\n<p>Com a regulariza\u00e7\u00e3o do passivo e a publica\u00e7\u00e3o de novas aposentadorias, os pagamentos continuam sendo realizados mensalmente em 2024.<\/p>\n<p>Fonte: Ag\u00eancia Minas<\/p>\n","protected":false},"excerpt":{"rendered":"<p>O\u00a0Governo de Minas, por meio da\u00a0Secretaria de Estado de Planejamento e Gest\u00e3o (Seplag-MG), paga, nesta sexta-feira (29\/11), uma nova remessa de f\u00e9rias-pr\u00eamio do funcionalismo p\u00fablico. No total, 110 servidores recebem o benef\u00edcio, somando cerca de R$ 2,601 milh\u00f5es em pagamentos. O passivo de f\u00e9rias-pr\u00eamio vem sendo pago desde setembro de 2021 e, at\u00e9 o momento, [&hellip;]<\/p>\n","protected":false},"author":246,"featured_media":225657,"comment_status":"closed","ping_status":"closed","sticky":false,"template":"","format":"standard","meta":{"footnotes":""},"categories":[436,440,261,254,439],"tags":[],"class_list":["post-225656","post","type-post","status-publish","format-standard","has-post-thumbnail","hentry","category-destaque-da-semana","category-destaques-do-dia","category-economia","category-politica","category-ultima-hora"],"_links":{"self":[{"href":"https:\/\/diarioregionaldigital.com.br\/index.php?rest_route=\/wp\/v2\/posts\/225656","targetHints":{"allow":["GET"]}}],"collection":[{"href":"https:\/\/diarioregionaldigital.com.br\/index.php?rest_route=\/wp\/v2\/posts"}],"about":[{"href":"https:\/\/diarioregionaldigital.com.br\/index.php?rest_route=\/wp\/v2\/types\/post"}],"author":[{"embeddable":true,"href":"https:\/\/diarioregionaldigital.com.br\/index.php?rest_route=\/wp\/v2\/users\/246"}],"replies":[{"embeddable":true,"href":"https:\/\/diarioregionaldigital.com.br\/index.php?rest_route=%2Fwp%2Fv2%2Fcomments&post=225656"}],"version-history":[{"count":1,"href":"https:\/\/diarioregionaldigital.com.br\/index.php?rest_route=\/wp\/v2\/posts\/225656\/revisions"}],"predecessor-version":[{"id":225658,"href":"https:\/\/diarioregionaldigital.com.br\/index.php?rest_route=\/wp\/v2\/posts\/225656\/revisions\/225658"}],"wp:featuredmedia":[{"embeddable":true,"href":"https:\/\/diarioregionaldigital.com.br\/index.php?rest_route=\/wp\/v2\/media\/225657"}],"wp:attachment":[{"href":"https:\/\/diarioregionaldigital.com.br\/index.php?rest_route=%2Fwp%2Fv2%2Fmedia&parent=225656"}],"wp:term":[{"taxonomy":"category","embeddable":true,"href":"https:\/\/diarioregionaldigital.com.br\/index.php?rest_route=%2Fwp%2Fv2%2Fcategories&post=225656"},{"taxonomy":"post_tag","embeddable":true,"href":"https:\/\/diarioregionaldigital.com.br\/index.php?rest_route=%2Fwp%2Fv2%2Ftags&post=225656"}],"curies":[{"name":"wp","href":"https:\/\/api.w.org\/{rel}","templated":true}]}}