{"id":225651,"date":"2024-11-28T20:20:39","date_gmt":"2024-11-28T23:20:39","guid":{"rendered":"https:\/\/diarioregionaldigital.com.br\/?p=225651"},"modified":"2024-11-28T20:20:39","modified_gmt":"2024-11-28T23:20:39","slug":"pjf-promove-final-da-copa-bom-de-bola-sub-15-neste-sabado-30","status":"publish","type":"post","link":"https:\/\/diarioregionaldigital.com.br\/?p=225651","title":{"rendered":"PJF promove final da Copa Bom de Bola sub-15 neste s\u00e1bado, 30"},"content":{"rendered":"<p>Segundo informa\u00e7\u00f5es do site da Prefeitura de Juiz de Fora (PJF), neste s\u00e1bado, 30, a Secretaria de Esporte e Lazer (SEL) da Prefeitura de Juiz de Fora (PJF) ir\u00e1 realizar a final da Copa Bom de Bola na categoria sub-15. Os n\u00facleos do Progresso, Parque Municipal e Nova Era I participam da disputa do t\u00edtulo, e al\u00e9m deles, Santa Rita, Barreira, S\u00e3o Dami\u00e3o e Racionais Nova Era II completam o evento com amistosos.<\/p>\n<p>Os jogos ser\u00e3o realizados no Est\u00e1dio Municipal Radialista M\u00e1rio Hel\u00eanio das 8h \u00e0s 14h. Na primeira fase de classifica\u00e7\u00e3o as equipes foram divididas em tr\u00eas chaves por regi\u00e3o: Norte\/Sul, Cidade Alta\/Leste; nas categorias: sub-09\/11\/13\/15 e 17. Confira abaixo a programa\u00e7\u00e3o completa:<\/p>\n<p><strong>Final Copa Bom de Bola &#8211; Sub-15:<\/strong><\/p>\n<p>8h &#8211; Progresso x Parque Municipal<\/p>\n<p>9h &#8211; Perdedor do jogo 1 \u00a0 x Nova Era I<\/p>\n<p>10h &#8211; Vencedor do jogo 1 \u00a0 x Nova Era I<\/p>\n<p><strong>Amistosos:<\/strong><\/p>\n<p>11h &#8211; Santa Rita\u00a0 x Parque Municipal (Sub-13)<\/p>\n<p>12h &#8211; Barreira\u00a0 x Racionais (Sub-15)<\/p>\n<p>13h &#8211; Barreira\u00a0 x S\u00e3o Dami\u00e3o (Sub-13)<\/p>\n<p>O projeto Bom de Bola tem como objetivo desenvolver capacidades e habilidades relacionadas ao futebol, al\u00e9m de estimular a forma\u00e7\u00e3o social, educacional e promo\u00e7\u00e3o da sa\u00fade dos praticantes. Ancoradas no respeito \u00e0 cultura esportiva, as atividades s\u00e3o trabalhadas de maneira a respeitar os n\u00edveis de crescimento e o desenvolvimento dos participantes.<\/p>\n<p>Os n\u00facleos do programa Bom de Bola oferecem vagas para crian\u00e7as e jovens futebolistas de ambos os sexos, nas categorias sub-9; sub-11; sub-13; sub-15 e sub-17, em 9 bairros da cidade. S\u00e3o eles: S\u00e3o Pedro, Santa Rita, S\u00e3o Geraldo, Progresso, Parque Municipal, Barreira do Triunfo, S\u00e3o Dami\u00e3o, S\u00e3o Benedito e Nova Era I. Para fazer a inscri\u00e7\u00e3o o interessado deve procurar o respons\u00e1vel pelo n\u00facleo no campo, nos dias e hor\u00e1rios de treinos.<\/p>\n<p><strong>Outras informa\u00e7\u00f5es pelo telefone: (32) 3690 7818<\/strong><\/p>\n","protected":false},"excerpt":{"rendered":"<p>Segundo informa\u00e7\u00f5es do site da Prefeitura de Juiz de Fora (PJF), neste s\u00e1bado, 30, a Secretaria de Esporte e Lazer (SEL) da Prefeitura de Juiz de Fora (PJF) ir\u00e1 realizar a final da Copa Bom de Bola na categoria sub-15. Os n\u00facleos do Progresso, Parque Municipal e Nova Era I participam da disputa do t\u00edtulo, [&hellip;]<\/p>\n","protected":false},"author":246,"featured_media":225652,"comment_status":"closed","ping_status":"closed","sticky":false,"template":"","format":"standard","meta":{"footnotes":""},"categories":[253,436,257,439],"tags":[],"class_list":["post-225651","post","type-post","status-publish","format-standard","has-post-thumbnail","hentry","category-cidade","category-destaque-da-semana","category-esporte","category-ultima-hora"],"_links":{"self":[{"href":"https:\/\/diarioregionaldigital.com.br\/index.php?rest_route=\/wp\/v2\/posts\/225651","targetHints":{"allow":["GET"]}}],"collection":[{"href":"https:\/\/diarioregionaldigital.com.br\/index.php?rest_route=\/wp\/v2\/posts"}],"about":[{"href":"https:\/\/diarioregionaldigital.com.br\/index.php?rest_route=\/wp\/v2\/types\/post"}],"author":[{"embeddable":true,"href":"https:\/\/diarioregionaldigital.com.br\/index.php?rest_route=\/wp\/v2\/users\/246"}],"replies":[{"embeddable":true,"href":"https:\/\/diarioregionaldigital.com.br\/index.php?rest_route=%2Fwp%2Fv2%2Fcomments&post=225651"}],"version-history":[{"count":1,"href":"https:\/\/diarioregionaldigital.com.br\/index.php?rest_route=\/wp\/v2\/posts\/225651\/revisions"}],"predecessor-version":[{"id":225653,"href":"https:\/\/diarioregionaldigital.com.br\/index.php?rest_route=\/wp\/v2\/posts\/225651\/revisions\/225653"}],"wp:featuredmedia":[{"embeddable":true,"href":"https:\/\/diarioregionaldigital.com.br\/index.php?rest_route=\/wp\/v2\/media\/225652"}],"wp:attachment":[{"href":"https:\/\/diarioregionaldigital.com.br\/index.php?rest_route=%2Fwp%2Fv2%2Fmedia&parent=225651"}],"wp:term":[{"taxonomy":"category","embeddable":true,"href":"https:\/\/diarioregionaldigital.com.br\/index.php?rest_route=%2Fwp%2Fv2%2Fcategories&post=225651"},{"taxonomy":"post_tag","embeddable":true,"href":"https:\/\/diarioregionaldigital.com.br\/index.php?rest_route=%2Fwp%2Fv2%2Ftags&post=225651"}],"curies":[{"name":"wp","href":"https:\/\/api.w.org\/{rel}","templated":true}]}}