{"id":225648,"date":"2024-11-28T20:19:05","date_gmt":"2024-11-28T23:19:05","guid":{"rendered":"https:\/\/diarioregionaldigital.com.br\/?p=225648"},"modified":"2024-11-28T20:19:05","modified_gmt":"2024-11-28T23:19:05","slug":"ciclistas-e-servidores-da-pjf-se-unem-em-blitz-educativa-no-cruzamento-das-avenidas-rio-branco-e-itamar-franco","status":"publish","type":"post","link":"https:\/\/diarioregionaldigital.com.br\/?p=225648","title":{"rendered":"Ciclistas e servidores da PJF se unem em blitz educativa no cruzamento das avenidas Rio Branco e Itamar Franco"},"content":{"rendered":"<p>Segundo informa\u00e7\u00f5es do site da Prefeitura de Juiz de Fora (PJF), dentro da programa\u00e7\u00e3o da \u201cSemana de Incentivo ao Ciclismo 2024\u201d foi realizada mais uma blitz educativa nesta quinta-feira, 28, no cruzamento das avenidas Rio Branco e Itamar Franco. A campanha contou com a participa\u00e7\u00e3o dos agentes de tr\u00e2nsito da Secretaria de Mobilidade Urbana (SMU), de servidores da Secretaria de Esporte e Lazer (SEL), da Comiss\u00e3o Municipal de Seguran\u00e7a e Educa\u00e7\u00e3o no Tr\u00e2nsito (Comset) e de ciclistas da cidade.<\/p>\n<p>&nbsp;<\/p>\n<div>A Semana do Incentivo ao Ciclismo 2024 \u00e9 realizada pela Prefeitura de Juiz de Fora (PJF) e tem como principais objetivos a difus\u00e3o do uso da bicicleta como exerc\u00edcio f\u00edsico (lazer e competi\u00e7\u00e3o) e como meio de transporte, al\u00e9m de promover o desenvolvimento do respeito m\u00fatuo entre motoristas, ciclistas e pedestres. No s\u00e1bado, 30, \u00e0s 7h, na Via S\u00e3o Pedro (a partir do CT Zico) acontece o Desafio de Mountain Bike &#8211; Rei e Rainha da Montanha, com percurso de 23km e o Passeio Cicl\u00edstico, para pessoas inscritas previamente.\n<\/div>\n<div>Ser\u00e1 realizado tamb\u00e9m o Treino Livre de Ciclismo Speedeiros &#8211; Confraterniza\u00e7\u00e3o, Aquecimento e Treino Livre, no mesmo local e hor\u00e1rio do Desafio de Mountain Bike\/Passeio Cicl\u00edstico. A inscri\u00e7\u00e3o para esta atividade termina nesta quinta-feira, 28, \u00e9 gratuita e feita no\u00a0<a href=\"https:\/\/docs.google.com\/forms\/d\/1rDM_2MKobs4Tr9TY7OkdQwYLA5ZwGbaZyZI_0GNImvs\/viewform?edit_requested=true\"><strong>link<\/strong><\/a>. Ser\u00e3o oito voltas de aquecimento e depois, treino livre dos grupos de speedeiros.<\/div>\n<p>&nbsp;<\/p>\n<div>Al\u00e9m de preencher o formul\u00e1rio de inscri\u00e7\u00e3o, \u00e9 necess\u00e1rio uma doa\u00e7\u00e3o de duas caixas de leite, que dever\u00e3o ser entregues na SEL localizada na Rua Cust\u00f3dio Trist\u00e3o, n\u00ba 11, no bairro Santa Terezinha, dentro dos prazos de inscri\u00e7\u00f5es. Medalhas para todos os participantes que conclu\u00edrem o passeio, percurso do desafio e TLC. Trof\u00e9us para o Rei e Rainha da Montanha &#8211; melhores tempos no trecho (bike e e-bike, feminino e masculino).<\/div>\n<div>\n<\/div>\n<div><strong>Programa\u00e7\u00e3o do dia 30:<\/strong><\/div>\n<div>\n<\/div>\n<div>7h &#8211; Concentra\u00e7\u00e3o e Caf\u00e9 da Manh\u00e3 com os Ciclistas<\/div>\n<div>\n<\/div>\n<div>7h30 &#8211; Retirada das placas de identifica\u00e7\u00e3o das bikes\/ciclistas<\/div>\n<div>\n<\/div>\n<div>8h &#8211; In\u00edcio do aquecimento e apresenta\u00e7\u00e3o na Via (Speed)<\/div>\n<div>\n<\/div>\n<div>8h15 &#8211; Partida para o TLC dos grupos de Speed (percursos definidos pelos grupos)<\/div>\n<div>\n<\/div>\n<div>8h30 &#8211; Largada do Desafio de Mountain Bike &#8211; Rei\/Rainha da Montanha<\/div>\n<div>\n<\/div>\n<div>9h30 \u00e0s 10h30 &#8211; Premia\u00e7\u00e3o dos ciclistas participantes, que completarem os 23 km<\/div>\n<div>\n<\/div>\n<div>10h \u00e0s 10h30 &#8211; Premia\u00e7\u00e3o dos ciclistas participantes, que completarem o TLC<\/div>\n<div>\n<\/div>\n<div>11h &#8211; Premia\u00e7\u00e3o com trof\u00e9us &#8211; MTB &#8211; do Rei e da Rainha da Montanha, equipe mais numerosa e ciclista com mais anos de vida.<\/div>\n<div>\n<\/div>\n<div>11h &#8211; Premia\u00e7\u00e3o com trof\u00e9us &#8211; Speed.<\/div>\n","protected":false},"excerpt":{"rendered":"<p>Segundo informa\u00e7\u00f5es do site da Prefeitura de Juiz de Fora (PJF), dentro da programa\u00e7\u00e3o da \u201cSemana de Incentivo ao Ciclismo 2024\u201d foi realizada mais uma blitz educativa nesta quinta-feira, 28, no cruzamento das avenidas Rio Branco e Itamar Franco. A campanha contou com a participa\u00e7\u00e3o dos agentes de tr\u00e2nsito da Secretaria de Mobilidade Urbana (SMU), [&hellip;]<\/p>\n","protected":false},"author":246,"featured_media":225649,"comment_status":"closed","ping_status":"closed","sticky":false,"template":"","format":"standard","meta":{"footnotes":""},"categories":[253,436,257,439],"tags":[],"class_list":["post-225648","post","type-post","status-publish","format-standard","has-post-thumbnail","hentry","category-cidade","category-destaque-da-semana","category-esporte","category-ultima-hora"],"_links":{"self":[{"href":"https:\/\/diarioregionaldigital.com.br\/index.php?rest_route=\/wp\/v2\/posts\/225648","targetHints":{"allow":["GET"]}}],"collection":[{"href":"https:\/\/diarioregionaldigital.com.br\/index.php?rest_route=\/wp\/v2\/posts"}],"about":[{"href":"https:\/\/diarioregionaldigital.com.br\/index.php?rest_route=\/wp\/v2\/types\/post"}],"author":[{"embeddable":true,"href":"https:\/\/diarioregionaldigital.com.br\/index.php?rest_route=\/wp\/v2\/users\/246"}],"replies":[{"embeddable":true,"href":"https:\/\/diarioregionaldigital.com.br\/index.php?rest_route=%2Fwp%2Fv2%2Fcomments&post=225648"}],"version-history":[{"count":1,"href":"https:\/\/diarioregionaldigital.com.br\/index.php?rest_route=\/wp\/v2\/posts\/225648\/revisions"}],"predecessor-version":[{"id":225650,"href":"https:\/\/diarioregionaldigital.com.br\/index.php?rest_route=\/wp\/v2\/posts\/225648\/revisions\/225650"}],"wp:featuredmedia":[{"embeddable":true,"href":"https:\/\/diarioregionaldigital.com.br\/index.php?rest_route=\/wp\/v2\/media\/225649"}],"wp:attachment":[{"href":"https:\/\/diarioregionaldigital.com.br\/index.php?rest_route=%2Fwp%2Fv2%2Fmedia&parent=225648"}],"wp:term":[{"taxonomy":"category","embeddable":true,"href":"https:\/\/diarioregionaldigital.com.br\/index.php?rest_route=%2Fwp%2Fv2%2Fcategories&post=225648"},{"taxonomy":"post_tag","embeddable":true,"href":"https:\/\/diarioregionaldigital.com.br\/index.php?rest_route=%2Fwp%2Fv2%2Ftags&post=225648"}],"curies":[{"name":"wp","href":"https:\/\/api.w.org\/{rel}","templated":true}]}}