{"id":225639,"date":"2024-11-28T20:12:55","date_gmt":"2024-11-28T23:12:55","guid":{"rendered":"https:\/\/diarioregionaldigital.com.br\/?p=225639"},"modified":"2024-11-28T20:12:55","modified_gmt":"2024-11-28T23:12:55","slug":"governo-de-minas-inaugura-dez-leitos-de-cti-no-complexo-hospitalar-de-barbacena-e-beneficia-cerca-de-800-mil-pessoas","status":"publish","type":"post","link":"https:\/\/diarioregionaldigital.com.br\/?p=225639","title":{"rendered":"Governo de Minas inaugura dez leitos de CTI no Complexo Hospitalar de Barbacena e beneficia cerca de 800 mil pessoas"},"content":{"rendered":"<p>O\u00a0<a href=\"https:\/\/www.mg.gov.br\/\" target=\"_blank\" rel=\"noopener\">Governo de Minas Gerais<\/a>\u00a0segue trabalhando para garantir que a popula\u00e7\u00e3o tenha acesso \u00e0\u00a0sa\u00fade cada vez mais perto de casa. Nesta quinta-feira (28\/11), o governador Romeu Zema e a presidente da\u00a0<a href=\"https:\/\/www.fhemig.mg.gov.br\/\" target=\"_blank\" rel=\"noopener\">Funda\u00e7\u00e3o Hospitalar do Estado de Minas Gerais (Fhemig)<\/a>, Renata Leles Dias, inauguraram mais dez leitos de Centro de Terapia Intensiva (CTI) em Barbacena, no Campo das Vertentes.<\/p>\n<p>O refor\u00e7o do Governo de Minas, por meio da\u00a0<a href=\"https:\/\/www.saude.mg.gov.br\/\" target=\"_blank\" rel=\"noopener\">Secretaria de Estado de Sa\u00fade (SES-MG)<\/a>\u00a0e da Fhemig, vai proporcionar agilidade e melhora na assist\u00eancia. Foram investidos R$ 2,7 milh\u00f5es na amplia\u00e7\u00e3o dos leitos do CTI do Hospital Regional Dr. Jos\u00e9 Am\u00e9rico, da rede Fhemig.<\/p>\n<p>A unidade \u00e9 refer\u00eancia no atendimento aos casos de urg\u00eancia e emerg\u00eancia, traumas, queimados e AVC para pacientes do Sistema \u00danico de Sa\u00fade (SUS) na macrorregi\u00e3o Centro-Sul do estado, que tem uma popula\u00e7\u00e3o de cerca de 800 mil pessoas. O hospital integra o Complexo Hospitalar do munic\u00edpio, junto ao Centro Hospitalar Psiqui\u00e1trico de Barbacena (CHPB).<\/p>\n<p>&nbsp;<\/p>\n<table border=\"0\" cellspacing=\"1\" cellpadding=\"1\" align=\"center\">\n<tbody>\n<tr>\n<td colspan=\"5\"><img decoding=\"async\" src=\"https:\/\/www.agenciaminas.mg.gov.br\/ckeditor_assets\/pictures\/20949\/content_2_olho_topo.jpg\" alt=\"\" \/><\/td>\n<\/tr>\n<tr>\n<td><\/td>\n<td colspan=\"3\" rowspan=\"3\">\n<h1><strong>&#8220;Esses leitos representam um refor\u00e7o no atendimento da popula\u00e7\u00e3o da regi\u00e3o. V\u00e3o melhorar muito a sa\u00fade, evitando remo\u00e7\u00e3o de pacientes para centros maiores, ou at\u00e9 para outras regi\u00f5es, o que acarreta um sofrimento para o paciente e familiares que precisam acompanhar. \u00c9 um passo muito importante para a melhoria da sa\u00fade&#8221;, disse o governador Romeu Zema.<\/strong><\/h1>\n<\/td>\n<td><\/td>\n<\/tr>\n<tr>\n<td><\/td>\n<td><\/td>\n<\/tr>\n<tr>\n<td><\/td>\n<td><\/td>\n<\/tr>\n<tr>\n<td colspan=\"5\"><img decoding=\"async\" src=\"https:\/\/www.agenciaminas.mg.gov.br\/ckeditor_assets\/pictures\/20950\/content_2_olho_inferior.jpg\" alt=\"\" \/><\/td>\n<\/tr>\n<\/tbody>\n<\/table>\n<p>A expans\u00e3o tamb\u00e9m vai possibilitar a realiza\u00e7\u00e3o de mais cirurgias eletivas, diminuindo a fila de espera. Com a amplia\u00e7\u00e3o, a unidade passa de dez para 20 leitos de terapia intensiva.<\/p>\n<p>\u201cAl\u00e9m dos atendimentos cl\u00ednicos, tamb\u00e9m faremos mais cirurgias ortop\u00e9dicas. Hoje j\u00e1 fizemos as dez primeiras consultas para o pr\u00e9-operat\u00f3rio. A expectativa \u00e9 de que, ainda em 2025, a gente zere a fila ortop\u00e9dica de toda a macrorregi\u00e3o\u201d, completou a presidente da Fhemig, Renata Leles Dias.<\/p>\n<p><strong>Investimentos<\/strong><\/p>\n<p>Nos \u00faltimos dois anos, o Governo de Minas investiu mais de R$ 10 milh\u00f5es no Complexo Hospitalar de Barbacena. Todo o parque tecnol\u00f3gico do hospital foi renovado, com a aquisi\u00e7\u00e3o de novos intensificadores de imagem (arcos cir\u00fargicos), raios-x, equipamentos de ultrassonografia, videolaringosc\u00f3pios, microsc\u00f3pios e mesas cir\u00fargicas. As camas mec\u00e2nicas foram substitu\u00eddas por el\u00e9tricas em todas as enfermarias e na Unidade de Terapia Intensiva (UTI).<\/p>\n<p>Em setembro do ano passado, o Complexo Hospitalar de Barbacena inaugurou um novo tom\u00f3grafo, adquirido por R$ 1,225 milh\u00e3o. Desde ent\u00e3o, mais de 700 exames de tomografias e angiotomografias est\u00e3o sendo realizados por m\u00eas.<\/p>\n<p>Em julho deste ano, a unidade tamb\u00e9m ampliou, de 21 para 34, os leitos cir\u00fargicos, possibilitando a realiza\u00e7\u00e3o de mais cirurgias, atendimento mais \u00e1gil e, assim, diminuindo a fila de espera.<\/p>\n<p><strong>Giro pelo Campo das Vertentes<\/strong><\/p>\n<p>Ainda na regi\u00e3o, o chefe do Executivo estadual cumpriu agendas nos munic\u00edpios de Dores do Turvo, Alto Rio Doce e Desterro do Melo onde se reuniu com gestores municipais e conversou a popula\u00e7\u00e3o.<\/p>\n<p>Na oportunidade, ele apresentou os avan\u00e7os realizados em Minas pela atual gest\u00e3o e ouviu as principais demandas da regi\u00e3o.<\/p>\n<p>Fonte: Ag\u00eancia Minas<\/p>\n","protected":false},"excerpt":{"rendered":"<p>O\u00a0Governo de Minas Gerais\u00a0segue trabalhando para garantir que a popula\u00e7\u00e3o tenha acesso \u00e0\u00a0sa\u00fade cada vez mais perto de casa. Nesta quinta-feira (28\/11), o governador Romeu Zema e a presidente da\u00a0Funda\u00e7\u00e3o Hospitalar do Estado de Minas Gerais (Fhemig), Renata Leles Dias, inauguraram mais dez leitos de Centro de Terapia Intensiva (CTI) em Barbacena, no Campo das [&hellip;]<\/p>\n","protected":false},"author":246,"featured_media":225640,"comment_status":"closed","ping_status":"closed","sticky":false,"template":"","format":"standard","meta":{"footnotes":""},"categories":[436,254,439],"tags":[],"class_list":["post-225639","post","type-post","status-publish","format-standard","has-post-thumbnail","hentry","category-destaque-da-semana","category-politica","category-ultima-hora"],"_links":{"self":[{"href":"https:\/\/diarioregionaldigital.com.br\/index.php?rest_route=\/wp\/v2\/posts\/225639","targetHints":{"allow":["GET"]}}],"collection":[{"href":"https:\/\/diarioregionaldigital.com.br\/index.php?rest_route=\/wp\/v2\/posts"}],"about":[{"href":"https:\/\/diarioregionaldigital.com.br\/index.php?rest_route=\/wp\/v2\/types\/post"}],"author":[{"embeddable":true,"href":"https:\/\/diarioregionaldigital.com.br\/index.php?rest_route=\/wp\/v2\/users\/246"}],"replies":[{"embeddable":true,"href":"https:\/\/diarioregionaldigital.com.br\/index.php?rest_route=%2Fwp%2Fv2%2Fcomments&post=225639"}],"version-history":[{"count":1,"href":"https:\/\/diarioregionaldigital.com.br\/index.php?rest_route=\/wp\/v2\/posts\/225639\/revisions"}],"predecessor-version":[{"id":225641,"href":"https:\/\/diarioregionaldigital.com.br\/index.php?rest_route=\/wp\/v2\/posts\/225639\/revisions\/225641"}],"wp:featuredmedia":[{"embeddable":true,"href":"https:\/\/diarioregionaldigital.com.br\/index.php?rest_route=\/wp\/v2\/media\/225640"}],"wp:attachment":[{"href":"https:\/\/diarioregionaldigital.com.br\/index.php?rest_route=%2Fwp%2Fv2%2Fmedia&parent=225639"}],"wp:term":[{"taxonomy":"category","embeddable":true,"href":"https:\/\/diarioregionaldigital.com.br\/index.php?rest_route=%2Fwp%2Fv2%2Fcategories&post=225639"},{"taxonomy":"post_tag","embeddable":true,"href":"https:\/\/diarioregionaldigital.com.br\/index.php?rest_route=%2Fwp%2Fv2%2Ftags&post=225639"}],"curies":[{"name":"wp","href":"https:\/\/api.w.org\/{rel}","templated":true}]}}