{"id":225636,"date":"2024-11-28T20:12:00","date_gmt":"2024-11-28T23:12:00","guid":{"rendered":"https:\/\/diarioregionaldigital.com.br\/?p=225636"},"modified":"2024-11-28T20:12:00","modified_gmt":"2024-11-28T23:12:00","slug":"governo-de-minas-lanca-edicao-especial-do-suplemento-literario-de-minas-gerais-que-destaca-a-literatura-afro-mineira","status":"publish","type":"post","link":"https:\/\/diarioregionaldigital.com.br\/?p=225636","title":{"rendered":"Governo de Minas lan\u00e7a edi\u00e7\u00e3o especial do Suplemento Liter\u00e1rio de Minas Gerais que destaca a literatura afro-mineira"},"content":{"rendered":"<p>O\u00a0<a href=\"https:\/\/www.mg.gov.br\/\" target=\"_blank\" rel=\"noopener\">Governo de Minas<\/a>, por meio da\u00a0<a href=\"https:\/\/www.secult.mg.gov.br\/\" target=\"_blank\" rel=\"noopener\">Secretaria de Estado de Cultura e Turismo (Secult)<\/a>, lan\u00e7ou a edi\u00e7\u00e3o especial do Suplemento Liter\u00e1rio de Minas Gerais (SLMG), nessa quarta-feira (27\/11), na Academia Mineira de Letras. A publica\u00e7\u00e3o volta a circular oferecendo um panorama que destaca a literatura afro-mineira. A iniciativa integra as a\u00e7\u00f5es do programa Minas Liter\u00e1ria e se insere no contexto da comemora\u00e7\u00e3o do M\u00eas da Consci\u00eancia Negra.<\/p>\n<p>O lan\u00e7amento tamb\u00e9m celebra os 70 anos da Biblioteca e marca a retomada do SLMG com tiragens semestrais a partir de 2025, ap\u00f3s um hiato de oito anos. O secret\u00e1rio de Estado de Cultura e Turismo, Le\u00f4nidas de Oliveira, ressaltou a import\u00e2ncia da a\u00e7\u00e3o. \u201cVamos retomar o Suplemento para que ele continue a ser um grande elo que condensa o pensamento liter\u00e1rio de Minas Gerais\u201d.<\/p>\n<p>A edi\u00e7\u00e3o \u00e9 realizada pela Superintend\u00eancia de Bibliotecas, Museus e Economia da Criatividade da Secult com o apoio da Escola de Design da\u00a0<a href=\"https:\/\/uemg.br\/\" target=\"_blank\" rel=\"noopener\">Universidade do Estado de Minas Gerais (Uemg)<\/a>. \u00c9 organizada pelo escritor, pesquisador e professor Anelito de Oliveira e pelo jornalista Jo\u00e3o Pombo Barile.<\/p>\n<p>A partir do tema Afromineiridades, o suplemento re\u00fane textos in\u00e9ditos e em diferentes g\u00eaneros, como poemas, ensaios, resenha e entrevista que ressaltam o trabalho de autores reconhecidos no estado e nacionalmente. Nomes como Ad\u00e3o Ventura (1939-2004), que, inclusive, fez sua estreia no SLMG, fazendo parte da chamada \u201cGera\u00e7\u00e3o Suplemento\u201d, al\u00e9m de Concei\u00e7\u00e3o Evaristo, Edimilson de Almeida, Maria Carolina de Jesus (1914-1977) e Ricardo Aleixo, t\u00eam suas obras analisadas por especialistas.<\/p>\n<p>A publica\u00e7\u00e3o revisita, assim, um legado que perpassa seis d\u00e9cadas de exist\u00eancia do SLMG, e aproxima diferentes gera\u00e7\u00f5es de escritores que demonstram a pluralidade est\u00e9tica e cultural da produ\u00e7\u00e3o liter\u00e1ria de Minas Gerais.<\/p>\n<p>O presidente da Academia Mineira de Letras, Jacyntho Jos\u00e9 Lins Brand\u00e3o, parabenizou a iniciativa e destacou o ineditismo desta edi\u00e7\u00e3o. \u201cEsse n\u00famero \u00e9 muito importante, abrange um tema que ainda n\u00e3o tinha sido coberto pelo Suplemento\u201d.<\/p>\n<p>Al\u00e9m de ensaios, resenhas e entrevistas, o SLMG traz poemas assinados por Ana Paula Dacota, Leo Gon\u00e7alves, Renato Negr\u00e3o e Wir Caetano. Reprodu\u00e7\u00f5es de trabalhos dos artistas Marcel Diogo e Chris Tigra, que estabelecem di\u00e1logos com a cultura afro-brasileira, completam a publica\u00e7\u00e3o.<\/p>\n<p>O projeto gr\u00e1fico do Suplemento foi realizado em parceria in\u00e9dita com a Escola de Design da Uemg, por meio do trabalho do professor e designer Ricardo Portilho que comp\u00f5e a equipe do Laborat\u00f3rio de Tipografia da institui\u00e7\u00e3o.<\/p>\n<p><strong>Rede de Bibliotecas Integra Geraes<\/strong><\/p>\n<p>A vers\u00e3o impressa da edi\u00e7\u00e3o especial ser\u00e1 distribu\u00edda \u00e0s 23 bibliotecas que integram a Rede de Bibliotecas Integra Gerais, a qual abrange equipamentos de todas as mesorregi\u00f5es do estado. Tamb\u00e9m estar\u00e1 dispon\u00edvel nos museus vinculados ao Governo do Estado.<\/p>\n<p>A vers\u00e3o digital poder\u00e1 ser acessada pelo p\u00fablico no site da Biblioteca P\u00fablica Estadual e ser\u00e1 encaminhada a todas as escolas do estado, por meio da parceria com a\u00a0<a href=\"https:\/\/www.educacao.mg.gov.br\/\" target=\"_blank\" rel=\"noopener\">Secretaria de Estado de Educa\u00e7\u00e3o<\/a>. \u201cN\u00f3s iremos disponibilizar o Suplemento para todas as nossas escolas. Al\u00e9m de ser algo inovador que estamos levando para o interior e para esses espa\u00e7os, n\u00f3s estamos levando tamb\u00e9m uma cultura diferenciada para nossos estudantes\u201d, refor\u00e7ou o secret\u00e1rio de Estado de Educa\u00e7\u00e3o, Igor de Alvarenga.<\/p>\n<p>Fonte: Ag\u00eancia Minas<\/p>\n","protected":false},"excerpt":{"rendered":"<p>O\u00a0Governo de Minas, por meio da\u00a0Secretaria de Estado de Cultura e Turismo (Secult), lan\u00e7ou a edi\u00e7\u00e3o especial do Suplemento Liter\u00e1rio de Minas Gerais (SLMG), nessa quarta-feira (27\/11), na Academia Mineira de Letras. A publica\u00e7\u00e3o volta a circular oferecendo um panorama que destaca a literatura afro-mineira. A iniciativa integra as a\u00e7\u00f5es do programa Minas Liter\u00e1ria e [&hellip;]<\/p>\n","protected":false},"author":246,"featured_media":225637,"comment_status":"closed","ping_status":"closed","sticky":false,"template":"","format":"standard","meta":{"footnotes":""},"categories":[436,440,261,254,439],"tags":[],"class_list":["post-225636","post","type-post","status-publish","format-standard","has-post-thumbnail","hentry","category-destaque-da-semana","category-destaques-do-dia","category-economia","category-politica","category-ultima-hora"],"_links":{"self":[{"href":"https:\/\/diarioregionaldigital.com.br\/index.php?rest_route=\/wp\/v2\/posts\/225636","targetHints":{"allow":["GET"]}}],"collection":[{"href":"https:\/\/diarioregionaldigital.com.br\/index.php?rest_route=\/wp\/v2\/posts"}],"about":[{"href":"https:\/\/diarioregionaldigital.com.br\/index.php?rest_route=\/wp\/v2\/types\/post"}],"author":[{"embeddable":true,"href":"https:\/\/diarioregionaldigital.com.br\/index.php?rest_route=\/wp\/v2\/users\/246"}],"replies":[{"embeddable":true,"href":"https:\/\/diarioregionaldigital.com.br\/index.php?rest_route=%2Fwp%2Fv2%2Fcomments&post=225636"}],"version-history":[{"count":1,"href":"https:\/\/diarioregionaldigital.com.br\/index.php?rest_route=\/wp\/v2\/posts\/225636\/revisions"}],"predecessor-version":[{"id":225638,"href":"https:\/\/diarioregionaldigital.com.br\/index.php?rest_route=\/wp\/v2\/posts\/225636\/revisions\/225638"}],"wp:featuredmedia":[{"embeddable":true,"href":"https:\/\/diarioregionaldigital.com.br\/index.php?rest_route=\/wp\/v2\/media\/225637"}],"wp:attachment":[{"href":"https:\/\/diarioregionaldigital.com.br\/index.php?rest_route=%2Fwp%2Fv2%2Fmedia&parent=225636"}],"wp:term":[{"taxonomy":"category","embeddable":true,"href":"https:\/\/diarioregionaldigital.com.br\/index.php?rest_route=%2Fwp%2Fv2%2Fcategories&post=225636"},{"taxonomy":"post_tag","embeddable":true,"href":"https:\/\/diarioregionaldigital.com.br\/index.php?rest_route=%2Fwp%2Fv2%2Ftags&post=225636"}],"curies":[{"name":"wp","href":"https:\/\/api.w.org\/{rel}","templated":true}]}}