{"id":225625,"date":"2024-11-27T20:05:35","date_gmt":"2024-11-27T23:05:35","guid":{"rendered":"https:\/\/diarioregionaldigital.com.br\/?p=225625"},"modified":"2024-11-27T20:05:35","modified_gmt":"2024-11-27T23:05:35","slug":"procon-abre-inscricoes-para-curso-de-boas-praticas-no-fornecimento-de-credito","status":"publish","type":"post","link":"https:\/\/diarioregionaldigital.com.br\/?p=225625","title":{"rendered":"Procon abre inscri\u00e7\u00f5es para curso de Boas Pr\u00e1ticas no Fornecimento de Cr\u00e9dito"},"content":{"rendered":"<p>Segundo informa\u00e7\u00f5es do site da Prefeitura de Juiz de Fora (PJF), a\u00a0Ag\u00eancia de Prote\u00e7\u00e3o e Defesa do Consumidor (Procon) da Prefeitura de Juiz de Fora (PJF) est\u00e1 com inscri\u00e7\u00f5es abertas para o curso de Boas Pr\u00e1ticas no Fornecimento de Cr\u00e9dito voltado para fornecedores. O objetivo do curso \u00e9 capacitar os fornecedores do munic\u00edpio para concess\u00e3o de cr\u00e9dito de forma consciente e regular.<\/p>\n<p>A capacita\u00e7\u00e3o ser\u00e1 ministrada pelo Professor Doutor Ricardo Morishita Wada, com o conte\u00fado sobre prote\u00e7\u00e3o contratual do consumidor, tendo como refer\u00eancia a Lei do Superendividamento. A proposta \u00e9 trabalhar o papel dos fornecedores na oferta do cr\u00e9dito respons\u00e1vel e orient\u00e1-los para boas pr\u00e1ticas na preven\u00e7\u00e3o ao superendividamento.<\/p>\n<p>O workshop \u00e9 gratuito e ocorrer\u00e1 no dia 9 de dezembro, das 18h \u00e0s 21h, no pr\u00e9dio sede do Procon localizado na Avenida Itamar Franco, 992 &#8211; Centro. Ao final da programa\u00e7\u00e3o, os participantes t\u00eam direito a certificado de tr\u00eas horas. As inscri\u00e7\u00f5es podem ser feitas pelo telefone (32) 2104-8702 at\u00e9 o dia 5 de dezembro.<\/p>\n","protected":false},"excerpt":{"rendered":"<p>Segundo informa\u00e7\u00f5es do site da Prefeitura de Juiz de Fora (PJF), a\u00a0Ag\u00eancia de Prote\u00e7\u00e3o e Defesa do Consumidor (Procon) da Prefeitura de Juiz de Fora (PJF) est\u00e1 com inscri\u00e7\u00f5es abertas para o curso de Boas Pr\u00e1ticas no Fornecimento de Cr\u00e9dito voltado para fornecedores. O objetivo do curso \u00e9 capacitar os fornecedores do munic\u00edpio para concess\u00e3o [&hellip;]<\/p>\n","protected":false},"author":246,"featured_media":225626,"comment_status":"closed","ping_status":"closed","sticky":false,"template":"","format":"standard","meta":{"footnotes":""},"categories":[253,436,439],"tags":[],"class_list":["post-225625","post","type-post","status-publish","format-standard","has-post-thumbnail","hentry","category-cidade","category-destaque-da-semana","category-ultima-hora"],"_links":{"self":[{"href":"https:\/\/diarioregionaldigital.com.br\/index.php?rest_route=\/wp\/v2\/posts\/225625","targetHints":{"allow":["GET"]}}],"collection":[{"href":"https:\/\/diarioregionaldigital.com.br\/index.php?rest_route=\/wp\/v2\/posts"}],"about":[{"href":"https:\/\/diarioregionaldigital.com.br\/index.php?rest_route=\/wp\/v2\/types\/post"}],"author":[{"embeddable":true,"href":"https:\/\/diarioregionaldigital.com.br\/index.php?rest_route=\/wp\/v2\/users\/246"}],"replies":[{"embeddable":true,"href":"https:\/\/diarioregionaldigital.com.br\/index.php?rest_route=%2Fwp%2Fv2%2Fcomments&post=225625"}],"version-history":[{"count":1,"href":"https:\/\/diarioregionaldigital.com.br\/index.php?rest_route=\/wp\/v2\/posts\/225625\/revisions"}],"predecessor-version":[{"id":225627,"href":"https:\/\/diarioregionaldigital.com.br\/index.php?rest_route=\/wp\/v2\/posts\/225625\/revisions\/225627"}],"wp:featuredmedia":[{"embeddable":true,"href":"https:\/\/diarioregionaldigital.com.br\/index.php?rest_route=\/wp\/v2\/media\/225626"}],"wp:attachment":[{"href":"https:\/\/diarioregionaldigital.com.br\/index.php?rest_route=%2Fwp%2Fv2%2Fmedia&parent=225625"}],"wp:term":[{"taxonomy":"category","embeddable":true,"href":"https:\/\/diarioregionaldigital.com.br\/index.php?rest_route=%2Fwp%2Fv2%2Fcategories&post=225625"},{"taxonomy":"post_tag","embeddable":true,"href":"https:\/\/diarioregionaldigital.com.br\/index.php?rest_route=%2Fwp%2Fv2%2Ftags&post=225625"}],"curies":[{"name":"wp","href":"https:\/\/api.w.org\/{rel}","templated":true}]}}