{"id":225622,"date":"2024-11-27T20:04:21","date_gmt":"2024-11-27T23:04:21","guid":{"rendered":"https:\/\/diarioregionaldigital.com.br\/?p=225622"},"modified":"2024-11-27T20:04:21","modified_gmt":"2024-11-27T23:04:21","slug":"pjf-intensifica-acoes-de-poda-preventiva-de-arvores-em-toda-a-cidade","status":"publish","type":"post","link":"https:\/\/diarioregionaldigital.com.br\/?p=225622","title":{"rendered":"PJF intensifica a\u00e7\u00f5es de poda preventiva de \u00e1rvores em toda a cidade"},"content":{"rendered":"<p>Segundo informa\u00e7\u00f5es do site da Prefeitura de Juiz de Fora (PJF), com foco na seguran\u00e7a e no bem estar de toda popula\u00e7\u00e3o, a Prefeitura de Juiz de Fora (PJF) tem intensificado os trabalhos de poda preventiva de \u00e1rvores em toda a cidade. De janeiro a novembro deste ano foram realizadas mais de sete mil podas preventivas, n\u00famero 55%\u00a0 maior que no mesmo per\u00edodo do ano passado.<\/p>\n<p>De segunda a segunda, das 7h \u00e0s 22h, equipes da Empresa Municipal de Pavimenta\u00e7\u00e3o e Urbanidades (Empav) atuam na manuten\u00e7\u00e3o dos arbustos da cidade. Essa a\u00e7\u00e3o, al\u00e9m de contribuir para a seguran\u00e7a de todos e todas, auxilia na preserva\u00e7\u00e3o da sa\u00fade e no desenvolvimento das esp\u00e9cies.<\/p>\n<p><strong>Cultivar o Futuro<\/strong><\/p>\n<p>Al\u00e9m das podas, as equipes do setor de Parques e Jardins da Empav seguem com os plantios de mudas nativas em diversos pontos. Neste ano, quase mil novas \u00e1rvores foram plantadas por toda a cidade.<\/p>\n<div>As a\u00e7\u00f5es seguem em andamento na cidade e a programa\u00e7\u00e3o di\u00e1ria completa pode ser conferida na p\u00e1gina do Gabinete de A\u00e7\u00e3o e Di\u00e1logo Comunit\u00e1rio atrav\u00e9s do\u00a0<a href=\"https:\/\/www.pjf.mg.gov.br\/gabinetecomunitario\/#onde\">link<\/a>. Para solicitar servi\u00e7os de zeladoria em vias p\u00fablicas, como tapa-buracos, poda e corte de \u00e1rvores, limpeza de pra\u00e7as e outros, entre em contato com o Gabinete de A\u00e7\u00e3o e Di\u00e1logo Comunit\u00e1rio, atrav\u00e9s do telefone (32) 3690-7241 (liga\u00e7\u00e3o ou WhatsApp).<\/div>\n","protected":false},"excerpt":{"rendered":"<p>Segundo informa\u00e7\u00f5es do site da Prefeitura de Juiz de Fora (PJF), com foco na seguran\u00e7a e no bem estar de toda popula\u00e7\u00e3o, a Prefeitura de Juiz de Fora (PJF) tem intensificado os trabalhos de poda preventiva de \u00e1rvores em toda a cidade. De janeiro a novembro deste ano foram realizadas mais de sete mil podas [&hellip;]<\/p>\n","protected":false},"author":246,"featured_media":225623,"comment_status":"closed","ping_status":"closed","sticky":false,"template":"","format":"standard","meta":{"footnotes":""},"categories":[253,436,439],"tags":[],"class_list":["post-225622","post","type-post","status-publish","format-standard","has-post-thumbnail","hentry","category-cidade","category-destaque-da-semana","category-ultima-hora"],"_links":{"self":[{"href":"https:\/\/diarioregionaldigital.com.br\/index.php?rest_route=\/wp\/v2\/posts\/225622","targetHints":{"allow":["GET"]}}],"collection":[{"href":"https:\/\/diarioregionaldigital.com.br\/index.php?rest_route=\/wp\/v2\/posts"}],"about":[{"href":"https:\/\/diarioregionaldigital.com.br\/index.php?rest_route=\/wp\/v2\/types\/post"}],"author":[{"embeddable":true,"href":"https:\/\/diarioregionaldigital.com.br\/index.php?rest_route=\/wp\/v2\/users\/246"}],"replies":[{"embeddable":true,"href":"https:\/\/diarioregionaldigital.com.br\/index.php?rest_route=%2Fwp%2Fv2%2Fcomments&post=225622"}],"version-history":[{"count":1,"href":"https:\/\/diarioregionaldigital.com.br\/index.php?rest_route=\/wp\/v2\/posts\/225622\/revisions"}],"predecessor-version":[{"id":225624,"href":"https:\/\/diarioregionaldigital.com.br\/index.php?rest_route=\/wp\/v2\/posts\/225622\/revisions\/225624"}],"wp:featuredmedia":[{"embeddable":true,"href":"https:\/\/diarioregionaldigital.com.br\/index.php?rest_route=\/wp\/v2\/media\/225623"}],"wp:attachment":[{"href":"https:\/\/diarioregionaldigital.com.br\/index.php?rest_route=%2Fwp%2Fv2%2Fmedia&parent=225622"}],"wp:term":[{"taxonomy":"category","embeddable":true,"href":"https:\/\/diarioregionaldigital.com.br\/index.php?rest_route=%2Fwp%2Fv2%2Fcategories&post=225622"},{"taxonomy":"post_tag","embeddable":true,"href":"https:\/\/diarioregionaldigital.com.br\/index.php?rest_route=%2Fwp%2Fv2%2Ftags&post=225622"}],"curies":[{"name":"wp","href":"https:\/\/api.w.org\/{rel}","templated":true}]}}