{"id":225619,"date":"2024-11-27T20:03:21","date_gmt":"2024-11-27T23:03:21","guid":{"rendered":"https:\/\/diarioregionaldigital.com.br\/?p=225619"},"modified":"2024-11-27T20:03:21","modified_gmt":"2024-11-27T23:03:21","slug":"mostra-da-diversidade-cultural-chega-a-juiz-de-fora-com-edicao-comemorativa","status":"publish","type":"post","link":"https:\/\/diarioregionaldigital.com.br\/?p=225619","title":{"rendered":"Mostra da Diversidade Cultural chega a Juiz de Fora com edi\u00e7\u00e3o comemorativa"},"content":{"rendered":"<p>Segundo informa\u00e7\u00f5es do site da Prefeitura de Juiz de Fora (PJF), ap\u00f3s cinco anos de parceria e tr\u00eas edi\u00e7\u00f5es realizadas na cidade, a Mostra da Diversidade Cultural &#8211; Imagens da Cultura Popular volta para Juiz de Fora em novembro. O projeto, realizado pelo \u201cFavela \u00e9 Isso A\u00ed\u201d, \u00e9 patrocinado pela ArcelorMittal e celebra tamb\u00e9m 20 anos da ONG. A entrada \u00e9 gratuita e toda a programa\u00e7\u00e3o pode ser conferida no instagram @mostradadiversidademg.<\/p>\n<p>A edi\u00e7\u00e3o conta com uma exposi\u00e7\u00e3o retrospectiva das edi\u00e7\u00f5es anteriores, al\u00e9m de atividades art\u00edsticas e educativas. No Centro Cultural Bernardo Mascarenhas (CCBM) e no Beco da Cultura, o p\u00fablico poder\u00e1 aproveitar dan\u00e7a, m\u00fasica, oficinas e exposi\u00e7\u00f5es, al\u00e9m de saraus po\u00e9ticos e apresenta\u00e7\u00f5es de dan\u00e7as. Shows musicais, roda de samba e moda de viola, al\u00e9m da capoeira, apresenta\u00e7\u00e3o circense e exibi\u00e7\u00f5es audiovisuais tamb\u00e9m ser\u00e3o atra\u00e7\u00f5es.<\/p>\n<p>De acordo com a diretora executiva do Favela \u00e9 Isso A\u00ed, Clarice Lib\u00e2nio, &#8220;o projeto busca reconhecer e valorizar as express\u00f5es culturais diversas presentes nos territ\u00f3rios mineiros&#8221;. J\u00e1 a analista de Comunica\u00e7\u00e3o da ArcelorMittal, Cl\u00e1udia Fonseca, ressalta que &#8220;a Mostra fortalece a cultura local e amplia a forma\u00e7\u00e3o de p\u00fablico&#8221;.<\/p>\n<p>A iniciativa conta com o apoio da Funda\u00e7\u00e3o Cultural Alfredo Ferreira Lage (Funalfa), Governo de Minas Gerais e Prefeituras dos munic\u00edpios participantes, al\u00e9m do patroc\u00ednio da Funda\u00e7\u00e3o ArcelorMittal, por meio da Lei Estadual de Incentivo \u00e0 Cultura de Minas Gerais.<\/p>\n","protected":false},"excerpt":{"rendered":"<p>Segundo informa\u00e7\u00f5es do site da Prefeitura de Juiz de Fora (PJF), ap\u00f3s cinco anos de parceria e tr\u00eas edi\u00e7\u00f5es realizadas na cidade, a Mostra da Diversidade Cultural &#8211; Imagens da Cultura Popular volta para Juiz de Fora em novembro. O projeto, realizado pelo \u201cFavela \u00e9 Isso A\u00ed\u201d, \u00e9 patrocinado pela ArcelorMittal e celebra tamb\u00e9m 20 [&hellip;]<\/p>\n","protected":false},"author":246,"featured_media":225620,"comment_status":"closed","ping_status":"closed","sticky":false,"template":"","format":"standard","meta":{"footnotes":""},"categories":[253,436,440,439],"tags":[],"class_list":["post-225619","post","type-post","status-publish","format-standard","has-post-thumbnail","hentry","category-cidade","category-destaque-da-semana","category-destaques-do-dia","category-ultima-hora"],"_links":{"self":[{"href":"https:\/\/diarioregionaldigital.com.br\/index.php?rest_route=\/wp\/v2\/posts\/225619","targetHints":{"allow":["GET"]}}],"collection":[{"href":"https:\/\/diarioregionaldigital.com.br\/index.php?rest_route=\/wp\/v2\/posts"}],"about":[{"href":"https:\/\/diarioregionaldigital.com.br\/index.php?rest_route=\/wp\/v2\/types\/post"}],"author":[{"embeddable":true,"href":"https:\/\/diarioregionaldigital.com.br\/index.php?rest_route=\/wp\/v2\/users\/246"}],"replies":[{"embeddable":true,"href":"https:\/\/diarioregionaldigital.com.br\/index.php?rest_route=%2Fwp%2Fv2%2Fcomments&post=225619"}],"version-history":[{"count":1,"href":"https:\/\/diarioregionaldigital.com.br\/index.php?rest_route=\/wp\/v2\/posts\/225619\/revisions"}],"predecessor-version":[{"id":225621,"href":"https:\/\/diarioregionaldigital.com.br\/index.php?rest_route=\/wp\/v2\/posts\/225619\/revisions\/225621"}],"wp:featuredmedia":[{"embeddable":true,"href":"https:\/\/diarioregionaldigital.com.br\/index.php?rest_route=\/wp\/v2\/media\/225620"}],"wp:attachment":[{"href":"https:\/\/diarioregionaldigital.com.br\/index.php?rest_route=%2Fwp%2Fv2%2Fmedia&parent=225619"}],"wp:term":[{"taxonomy":"category","embeddable":true,"href":"https:\/\/diarioregionaldigital.com.br\/index.php?rest_route=%2Fwp%2Fv2%2Fcategories&post=225619"},{"taxonomy":"post_tag","embeddable":true,"href":"https:\/\/diarioregionaldigital.com.br\/index.php?rest_route=%2Fwp%2Fv2%2Ftags&post=225619"}],"curies":[{"name":"wp","href":"https:\/\/api.w.org\/{rel}","templated":true}]}}