{"id":225607,"date":"2024-11-27T19:56:47","date_gmt":"2024-11-27T22:56:47","guid":{"rendered":"https:\/\/diarioregionaldigital.com.br\/?p=225607"},"modified":"2024-11-27T19:56:47","modified_gmt":"2024-11-27T22:56:47","slug":"governo-de-minas-realiza-novo-repasse-do-bolsa-reciclagem-a-cooperativas-de-catadores-de-materiais-reciclaveis","status":"publish","type":"post","link":"https:\/\/diarioregionaldigital.com.br\/?p=225607","title":{"rendered":"Governo de Minas realiza novo repasse do Bolsa Reciclagem a cooperativas de catadores de materiais recicl\u00e1veis"},"content":{"rendered":"<p>O\u00a0<a href=\"https:\/\/www.mg.gov.br\/\" target=\"_blank\" rel=\"noopener\">Governo de Minas<\/a>\u00a0realiza, nesta semana, o pagamento referente ao segundo trimestre de 2024 do Programa Bolsa Reciclagem. O repasse de R$ 875 mil reais ser\u00e1 destinado a 72 associa\u00e7\u00f5es e cooperativas de catadores de materiais recicl\u00e1veis vinculados ao programa, mantido pela\u00a0<a href=\"https:\/\/meioambiente.mg.gov.br\/\" target=\"_blank\" rel=\"noopener\">Secretaria de Estado de Meio Ambiente e Desenvolvimento Sustent\u00e1vel (Semad)<\/a>. O repasse trar\u00e1 benef\u00edcios direto a 1.421 catadores de todas as regi\u00f5es do estado.<\/p>\n<p>O Bolsa Reciclagem \u00e9 uma iniciativa de pagamento por servi\u00e7os ambientais pioneira no Brasil. Al\u00e9m de garantir o desenvolvimento sustent\u00e1vel, por meio da gest\u00e3o adequada de res\u00edduos s\u00f3lidos, o benef\u00edcio proporciona uma melhoria das condi\u00e7\u00f5es sociais e econ\u00f4micas das pessoas que trabalham com a coleta seletiva no estado.<\/p>\n<p>&#8220;O Pagamento por Servi\u00e7os Ambientais \u00e9 uma das pol\u00edticas p\u00fablicas de gest\u00e3o ambiental mais eficientes dispon\u00edveis. Nesse sentido, unimos esfor\u00e7os para garantir a opera\u00e7\u00e3o regular do Bolsa Reciclagem, que al\u00e9m de incentivar a reintrodu\u00e7\u00e3o de materiais recicl\u00e1veis em processos produtivos e reduzir a utiliza\u00e7\u00e3o de recursos naturais e insumos energ\u00e9ticos, proporciona a inclus\u00e3o social de catadores de materiais recicl\u00e1veis&#8221;, ressalta Alice Lib\u00e2nia, Superintende de Res\u00edduos da Semad.<\/p>\n<p>O programa conta, atualmente, com 175 empreendimentos cadastrados em 55 munic\u00edpios mineiros. O valor total de recurso repassado para o programa Bolsa Reciclagem no ano de 2024, at\u00e9 o momento, foi de mais de R$ 2,6 milh\u00f5es.<\/p>\n<p>No segundo trimestre de 2024 foram processados, aproximadamente, 970.584 toneladas de metal, 5.912,586 mil toneladas de papel, 2.427,451 mil toneladas de pl\u00e1stico e 1.974,456 mil toneladas de vidro comercializados por todas as associa\u00e7\u00f5es e cooperativas participantes do trimestre.<\/p>\n<p><strong>Reciclando Dignidade<\/strong><\/p>\n<p>Na \u00faltima semana, o Governo de Minas participou do lan\u00e7amento do projeto Reciclando Dignidade, iniciativa que pretende promover a inclus\u00e3o previdenci\u00e1ria de catadores de materiais recicl\u00e1veis no estado, estabelecendo uma ponte entre sustentabilidade ambiental e justi\u00e7a social.<\/p>\n<p>O projeto, idealizado pelo\u00a0<a href=\"https:\/\/servas.org.br\/\" target=\"_blank\" rel=\"noopener\">Servi\u00e7o Social Aut\u00f4nomo (Servas)<\/a>, com contribui\u00e7\u00e3o t\u00e9cnica da Semad e financiamento do Minist\u00e9rio P\u00fablico de Minas Gerais (MPMG), busca garantir que esses trabalhadores tenham acesso a direitos como aposentadoria, aux\u00edlio por incapacidade tempor\u00e1ria, licen\u00e7a maternidade, pens\u00e3o por morte, entre outros.<\/p>\n<p><strong>Bolsa Reciclagem<\/strong><\/p>\n<p>O Bolsa Reciclagem \u00e9 uma iniciativa pioneira no Brasil, concedendo incentivo financeiro trimestral para associa\u00e7\u00f5es e cooperativas de materiais recicl\u00e1veis, tendo como objetivo incentivar a reintrodu\u00e7\u00e3o de materiais recicl\u00e1veis em processos produtivos e reduzir a utiliza\u00e7\u00e3o de recursos naturais e insumos energ\u00e9ticos. O incentivo proporciona, ainda, a inclus\u00e3o social de catadores de materiais recicl\u00e1veis.<\/p>\n<p>Fonte: Ag\u00eancia Minas<\/p>\n","protected":false},"excerpt":{"rendered":"<p>O\u00a0Governo de Minas\u00a0realiza, nesta semana, o pagamento referente ao segundo trimestre de 2024 do Programa Bolsa Reciclagem. O repasse de R$ 875 mil reais ser\u00e1 destinado a 72 associa\u00e7\u00f5es e cooperativas de catadores de materiais recicl\u00e1veis vinculados ao programa, mantido pela\u00a0Secretaria de Estado de Meio Ambiente e Desenvolvimento Sustent\u00e1vel (Semad). O repasse trar\u00e1 benef\u00edcios direto [&hellip;]<\/p>\n","protected":false},"author":246,"featured_media":225608,"comment_status":"closed","ping_status":"closed","sticky":false,"template":"","format":"standard","meta":{"footnotes":""},"categories":[436,440,261,254,252,439],"tags":[],"class_list":["post-225607","post","type-post","status-publish","format-standard","has-post-thumbnail","hentry","category-destaque-da-semana","category-destaques-do-dia","category-economia","category-politica","category-regiao","category-ultima-hora"],"_links":{"self":[{"href":"https:\/\/diarioregionaldigital.com.br\/index.php?rest_route=\/wp\/v2\/posts\/225607","targetHints":{"allow":["GET"]}}],"collection":[{"href":"https:\/\/diarioregionaldigital.com.br\/index.php?rest_route=\/wp\/v2\/posts"}],"about":[{"href":"https:\/\/diarioregionaldigital.com.br\/index.php?rest_route=\/wp\/v2\/types\/post"}],"author":[{"embeddable":true,"href":"https:\/\/diarioregionaldigital.com.br\/index.php?rest_route=\/wp\/v2\/users\/246"}],"replies":[{"embeddable":true,"href":"https:\/\/diarioregionaldigital.com.br\/index.php?rest_route=%2Fwp%2Fv2%2Fcomments&post=225607"}],"version-history":[{"count":1,"href":"https:\/\/diarioregionaldigital.com.br\/index.php?rest_route=\/wp\/v2\/posts\/225607\/revisions"}],"predecessor-version":[{"id":225609,"href":"https:\/\/diarioregionaldigital.com.br\/index.php?rest_route=\/wp\/v2\/posts\/225607\/revisions\/225609"}],"wp:featuredmedia":[{"embeddable":true,"href":"https:\/\/diarioregionaldigital.com.br\/index.php?rest_route=\/wp\/v2\/media\/225608"}],"wp:attachment":[{"href":"https:\/\/diarioregionaldigital.com.br\/index.php?rest_route=%2Fwp%2Fv2%2Fmedia&parent=225607"}],"wp:term":[{"taxonomy":"category","embeddable":true,"href":"https:\/\/diarioregionaldigital.com.br\/index.php?rest_route=%2Fwp%2Fv2%2Fcategories&post=225607"},{"taxonomy":"post_tag","embeddable":true,"href":"https:\/\/diarioregionaldigital.com.br\/index.php?rest_route=%2Fwp%2Fv2%2Ftags&post=225607"}],"curies":[{"name":"wp","href":"https:\/\/api.w.org\/{rel}","templated":true}]}}