{"id":225604,"date":"2024-11-27T19:55:05","date_gmt":"2024-11-27T22:55:05","guid":{"rendered":"https:\/\/diarioregionaldigital.com.br\/?p=225604"},"modified":"2024-11-27T19:55:05","modified_gmt":"2024-11-27T22:55:05","slug":"minas-mantem-saldo-positivo-de-empregos-e-esta-mais-perto-de-superar-meta-de-1-milhao-de-vagas-com-carteira-assinada","status":"publish","type":"post","link":"https:\/\/diarioregionaldigital.com.br\/?p=225604","title":{"rendered":"Minas mant\u00e9m saldo positivo de empregos e est\u00e1 mais perto de superar meta de 1 milh\u00e3o de vagas com carteira assinada"},"content":{"rendered":"<p>Pelo d\u00e9cimo m\u00eas consecutivo, Minas Gerais mant\u00e9m saldo positivo na gera\u00e7\u00e3o de empregos com carteira assinada. Dados do Novo Cadastro Geral de Empregados e Desempregados (Caged), do Minist\u00e9rio do Trabalho e Emprego, mostram que o estado criou em outubro 3.176 postos de trabalho.<\/p>\n<p>Com o desempenho positivo na gera\u00e7\u00e3o\u00a0de emprego, Minas Gerais j\u00e1 acumula no ano 207.363 oportunidades de janeiro a outubro. De 2019 at\u00e9 agora, o estado est\u00e1 mais pr\u00f3ximo tamb\u00e9m de superar a marca de 1 milh\u00e3o de empregos formais criados at\u00e9 2026, com a gera\u00e7\u00e3o acumulada de 943 mil postos de trabalho com carteira assinada.<\/p>\n<p>\u201cQuando o Estado abre portas para quem quer empreender, diminui as burocracias e digitaliza os processos relacionados \u00e0 empregabilidade, os resultados tendem a ser positivos. Os trabalhos continuam para alcan\u00e7armos a meta de um milh\u00e3o de empregos formais at\u00e9 2026\u201d, afirma Ricardo Alves, subsecret\u00e1rio de Inclus\u00e3o Produtiva, Trabalho, Emprego e Renda da\u00a0<a href=\"https:\/\/social.mg.gov.br\/\" target=\"_blank\" rel=\"noopener\">Secretaria de Estado de Desenvolvimento Social (Sedese)<\/a>.<\/p>\n<p>Com a nova divulga\u00e7\u00e3o dos dados do Caged de outubro, Minas continua em segundo lugar no ranking com o segundo maior estoque de empregos do pa\u00eds, com 4,9 milh\u00f5es de pessoas trabalhando de carteira assinada.<\/p>\n<p><strong>Ano de destaque<\/strong><\/p>\n<p>Neste ano, Minas Gerais j\u00e1 se consolidou como o maior saldo na gera\u00e7\u00e3o de empregos formais desde 2021.<\/p>\n<p>Por setor de atividade econ\u00f4mica, o com\u00e9rcio liderou a gera\u00e7\u00e3o de empregos, com 3.314 postos formais, seguido por ind\u00fastria (1.713), constru\u00e7\u00e3o civil (1.271) e servi\u00e7os (586).<\/p>\n<p>No ano, o setor de servi\u00e7os lidera a gera\u00e7\u00e3o de postos de trabalho, com a cria\u00e7\u00e3o de 103.459 vagas formais.<\/p>\n<p>Fonte: Ag\u00eancia Minas<\/p>\n","protected":false},"excerpt":{"rendered":"<p>Pelo d\u00e9cimo m\u00eas consecutivo, Minas Gerais mant\u00e9m saldo positivo na gera\u00e7\u00e3o de empregos com carteira assinada. Dados do Novo Cadastro Geral de Empregados e Desempregados (Caged), do Minist\u00e9rio do Trabalho e Emprego, mostram que o estado criou em outubro 3.176 postos de trabalho. Com o desempenho positivo na gera\u00e7\u00e3o\u00a0de emprego, Minas Gerais j\u00e1 acumula no [&hellip;]<\/p>\n","protected":false},"author":246,"featured_media":225605,"comment_status":"closed","ping_status":"closed","sticky":false,"template":"","format":"standard","meta":{"footnotes":""},"categories":[436,440,261,254,252,439],"tags":[],"class_list":["post-225604","post","type-post","status-publish","format-standard","has-post-thumbnail","hentry","category-destaque-da-semana","category-destaques-do-dia","category-economia","category-politica","category-regiao","category-ultima-hora"],"_links":{"self":[{"href":"https:\/\/diarioregionaldigital.com.br\/index.php?rest_route=\/wp\/v2\/posts\/225604","targetHints":{"allow":["GET"]}}],"collection":[{"href":"https:\/\/diarioregionaldigital.com.br\/index.php?rest_route=\/wp\/v2\/posts"}],"about":[{"href":"https:\/\/diarioregionaldigital.com.br\/index.php?rest_route=\/wp\/v2\/types\/post"}],"author":[{"embeddable":true,"href":"https:\/\/diarioregionaldigital.com.br\/index.php?rest_route=\/wp\/v2\/users\/246"}],"replies":[{"embeddable":true,"href":"https:\/\/diarioregionaldigital.com.br\/index.php?rest_route=%2Fwp%2Fv2%2Fcomments&post=225604"}],"version-history":[{"count":1,"href":"https:\/\/diarioregionaldigital.com.br\/index.php?rest_route=\/wp\/v2\/posts\/225604\/revisions"}],"predecessor-version":[{"id":225606,"href":"https:\/\/diarioregionaldigital.com.br\/index.php?rest_route=\/wp\/v2\/posts\/225604\/revisions\/225606"}],"wp:featuredmedia":[{"embeddable":true,"href":"https:\/\/diarioregionaldigital.com.br\/index.php?rest_route=\/wp\/v2\/media\/225605"}],"wp:attachment":[{"href":"https:\/\/diarioregionaldigital.com.br\/index.php?rest_route=%2Fwp%2Fv2%2Fmedia&parent=225604"}],"wp:term":[{"taxonomy":"category","embeddable":true,"href":"https:\/\/diarioregionaldigital.com.br\/index.php?rest_route=%2Fwp%2Fv2%2Fcategories&post=225604"},{"taxonomy":"post_tag","embeddable":true,"href":"https:\/\/diarioregionaldigital.com.br\/index.php?rest_route=%2Fwp%2Fv2%2Ftags&post=225604"}],"curies":[{"name":"wp","href":"https:\/\/api.w.org\/{rel}","templated":true}]}}