{"id":225602,"date":"2024-11-27T12:17:04","date_gmt":"2024-11-27T15:17:04","guid":{"rendered":"https:\/\/diarioregionaldigital.com.br\/?p=225602"},"modified":"2024-11-27T12:17:04","modified_gmt":"2024-11-27T15:17:04","slug":"edital-de-convocacao-assembleia-geral-ordinaria-27-11-2024","status":"publish","type":"post","link":"https:\/\/diarioregionaldigital.com.br\/?p=225602","title":{"rendered":"EDITAL DE CONVOCA\u00c7\u00c3O ASSEMBLEIA GERAL ORDIN\u00c1RIA &#8211; 27\/11\/2024"},"content":{"rendered":"<p><span class=\"s2\"><span class=\"bumpedFont17\">EDITAL DE CONVOCA\u00c7\u00c3O<\/span><\/span><\/p>\n<p>&nbsp;<\/p>\n<p><span class=\"s2\"><span class=\"bumpedFont17\">\u00a0 \u00a0 \u00a0 \u00a0 \u00a0 \u00a0 \u00a0 \u00a0 \u00a0 \u00a0 \u00a0 \u00a0 \u00a0 \u00a0 \u00a0 \u00a0 \u00a0 \u00a0 \u00a0 \u00a0 \u00a0 \u00a0 \u00a0 \u00a0 \u00a0 \u00a0 \u00a0 \u00a0 \u00a0 \u00a0 ASSEMBLEIA GERAL ORDIN\u00c1RIA<\/span><\/span><\/p>\n<p>&nbsp;<\/p>\n<p class=\"s3\"><span class=\"s2\"><span class=\"bumpedFont17\">O Presidente do Sindicato dos Trabalhadores nas Ind\u00fastrias Metal\u00fargicas de juiz de Fora e Regi\u00e3o, no uso das suas atribui\u00e7\u00f5es que lhe conferem o Estatuto Social da Entidade, CONVOCA os associados quites e em condi\u00e7\u00f5es de votar, para participarem da Asse<\/span><\/span><span class=\"s2\"><span class=\"bumpedFont17\">mbleia Geral Ordin\u00e1ria, no dia 29 de novembro<\/span><\/span><span class=\"s2\"><span class=\"bumpedFont17\"> de 2024<\/span><\/span><span class=\"s2\"><span class=\"bumpedFont17\">, em PRIMEIRA CONVOCA\u00c7\u00c3O, \u00e0s 16 (dezesseis) horas, e em SEGUNDA CONVOCA\u00c7\u00c3O \u00e0s 17 (dezessete) horas, na sede do Sindicato dos Trabalhadores nas <\/span><\/span><span class=\"s2\"><span class=\"bumpedFont17\">Ind\u00fastrias<\/span><\/span><span class=\"s2\"><span class=\"bumpedFont17\"> Metal\u00fargicas de Juiz de Fora e Regi\u00e3o, na Rua Floriano Peixoto N\u00b072, Bairro Centro, <\/span><\/span><span class=\"s2\"><span class=\"bumpedFont17\">Cep<\/span><\/span><span class=\"s2\"><span class=\"bumpedFont17\"> 36013-080 nesta cidade, quando se deliberar\u00e1 sobre a seguinte ordem do dia: a) aprecia\u00e7\u00e3o e vota\u00e7\u00e3o da Presta\u00e7\u00e3o de Contas referente a<\/span><\/span><span class=\"s2\"><span class=\"bumpedFont17\">o ano de 2024<\/span><\/span><a name=\"_GoBack\"><\/a><span class=\"s2\"><span class=\"bumpedFont17\">.<\/span><\/span><\/p>\n<p>&nbsp;<\/p>\n<p class=\"s4\"><span class=\"s2\"><span class=\"bumpedFont17\">Juiz de fora, 27 de novembro<\/span><\/span><span class=\"s2\"><span class=\"bumpedFont17\"> de 2024.<\/span><\/span><\/p>\n<p class=\"s4\"><span class=\"s2\"><span class=\"bumpedFont17\">Joao Cesar da Silva<\/span><\/span><\/p>\n<p class=\"s4\"><span class=\"s2\"><span class=\"bumpedFont17\">Presidente do Sindicato dos Trabalhadores nas Ind\u00fastrias Metal\u00fargicas de Juiz de Fora e Regi\u00e3o<\/span><\/span><\/p>\n","protected":false},"excerpt":{"rendered":"<p>EDITAL DE CONVOCA\u00c7\u00c3O &nbsp; \u00a0 \u00a0 \u00a0 \u00a0 \u00a0 \u00a0 \u00a0 \u00a0 \u00a0 \u00a0 \u00a0 \u00a0 \u00a0 \u00a0 \u00a0 \u00a0 \u00a0 \u00a0 \u00a0 \u00a0 \u00a0 \u00a0 \u00a0 \u00a0 \u00a0 \u00a0 \u00a0 \u00a0 \u00a0 \u00a0 ASSEMBLEIA GERAL ORDIN\u00c1RIA &nbsp; O Presidente do Sindicato dos Trabalhadores nas Ind\u00fastrias Metal\u00fargicas de juiz de Fora e Regi\u00e3o, no uso [&hellip;]<\/p>\n","protected":false},"author":246,"featured_media":0,"comment_status":"closed","ping_status":"closed","sticky":false,"template":"","format":"standard","meta":{"footnotes":""},"categories":[307,1],"tags":[],"class_list":["post-225602","post","type-post","status-publish","format-standard","hentry","category-editais","category-sem-categoria"],"_links":{"self":[{"href":"https:\/\/diarioregionaldigital.com.br\/index.php?rest_route=\/wp\/v2\/posts\/225602","targetHints":{"allow":["GET"]}}],"collection":[{"href":"https:\/\/diarioregionaldigital.com.br\/index.php?rest_route=\/wp\/v2\/posts"}],"about":[{"href":"https:\/\/diarioregionaldigital.com.br\/index.php?rest_route=\/wp\/v2\/types\/post"}],"author":[{"embeddable":true,"href":"https:\/\/diarioregionaldigital.com.br\/index.php?rest_route=\/wp\/v2\/users\/246"}],"replies":[{"embeddable":true,"href":"https:\/\/diarioregionaldigital.com.br\/index.php?rest_route=%2Fwp%2Fv2%2Fcomments&post=225602"}],"version-history":[{"count":1,"href":"https:\/\/diarioregionaldigital.com.br\/index.php?rest_route=\/wp\/v2\/posts\/225602\/revisions"}],"predecessor-version":[{"id":225603,"href":"https:\/\/diarioregionaldigital.com.br\/index.php?rest_route=\/wp\/v2\/posts\/225602\/revisions\/225603"}],"wp:attachment":[{"href":"https:\/\/diarioregionaldigital.com.br\/index.php?rest_route=%2Fwp%2Fv2%2Fmedia&parent=225602"}],"wp:term":[{"taxonomy":"category","embeddable":true,"href":"https:\/\/diarioregionaldigital.com.br\/index.php?rest_route=%2Fwp%2Fv2%2Fcategories&post=225602"},{"taxonomy":"post_tag","embeddable":true,"href":"https:\/\/diarioregionaldigital.com.br\/index.php?rest_route=%2Fwp%2Fv2%2Ftags&post=225602"}],"curies":[{"name":"wp","href":"https:\/\/api.w.org\/{rel}","templated":true}]}}