{"id":225600,"date":"2024-11-27T04:59:18","date_gmt":"2024-11-27T07:59:18","guid":{"rendered":"https:\/\/diarioregionaldigital.com.br\/?p=225600"},"modified":"2024-11-27T04:59:18","modified_gmt":"2024-11-27T07:59:18","slug":"extrato-primeiro-termo-aditivo-contrato-051-2024-27-11-2024","status":"publish","type":"post","link":"https:\/\/diarioregionaldigital.com.br\/?p=225600","title":{"rendered":"EXTRATO PRIMEIRO TERMO ADITIVO CONTRATO 051\/2024 &#8211; 27\/11\/2024"},"content":{"rendered":"<p class=\"s3\"><span class=\"s2\"><span class=\"bumpedFont17\">EXTRATO<\/span><\/span> <span class=\"s2\"><span class=\"bumpedFont17\">PRIMEIRO<\/span><\/span> <span class=\"s2\"><span class=\"bumpedFont17\">TERMO ADITIVO<\/span><\/span><span class=\"s2\"><span class=\"bumpedFont17\"> CONTRATO<\/span><\/span><span class=\"s2\"><span class=\"bumpedFont17\"> 051\/2024<\/span><\/span><\/p>\n<p class=\"s3\">\n<p class=\"s4\"><span class=\"s2\"><span class=\"bumpedFont17\">1<\/span><\/span><span class=\"s2\"><span class=\"bumpedFont17\">\u00ba<\/span><\/span><span class=\"s2\"><span class=\"bumpedFont17\"> Termo Aditivo. <\/span><\/span><span class=\"s2\"><span class=\"bumpedFont17\">Pref. Municipal de Descoberto x <\/span><\/span><span class=\"s2\"><span class=\"bumpedFont17\">M&amp;P Pavimenta\u00e7\u00e3o<\/span><\/span><span class=\"s2\"><span class=\"bumpedFont17\">Ltda<\/span><\/span><span class=\"s2\"><span class=\"bumpedFont17\">&#8211; <\/span><\/span><span class=\"s2\"><span class=\"bumpedFont17\">Objeto: <\/span><\/span><span class=\"s2\"><span class=\"bumpedFont17\">A modifica\u00e7\u00e3o do prazo de vig\u00eancia do contrato, que passar\u00e1 a vigorar de 13\/11\/2024 a 13\/04\/2025<\/span><\/span><span class=\"s2\"><span class=\"bumpedFont17\">&#8211; Fundamento:<\/span><\/span> <span class=\"s2\"><span class=\"bumpedFont17\">Preg\u00e3o<\/span><\/span><span class=\"s2\"><span class=\"bumpedFont17\">Presencial<\/span><\/span><span class=\"s2\"><span class=\"bumpedFont17\"> 01<\/span><\/span><span class=\"s2\"><span class=\"bumpedFont17\">7<\/span><\/span><span class=\"s2\"><span class=\"bumpedFont17\">\/202<\/span><\/span><span class=\"s2\"><span class=\"bumpedFont17\">4<\/span><\/span> <span class=\"s2\"><span class=\"bumpedFont17\">\u2013 Valor <\/span><\/span><span class=\"s2\"><span class=\"bumpedFont17\">Lote 01: R$ 664.708,80- Valor Lote 03: R$794.118,35<\/span><\/span><span class=\"s2\"><span class=\"bumpedFont17\">&#8211; Vig\u00eancia: <\/span><\/span><span class=\"s2\"><span class=\"bumpedFont17\">05 meses<\/span><\/span><span class=\"s2\"><span class=\"bumpedFont17\">\u2013 <\/span><\/span><span class=\"s2\"><span class=\"bumpedFont17\">Dot<\/span><\/span> <span class=\"s2\"><span class=\"bumpedFont17\">or\u00e7<\/span><\/span><span class=\"s2\"><span class=\"bumpedFont17\">:<\/span><\/span><span class=\"s2\"><span class=\"bumpedFont17\">02.006.000.15.451.0019.1103.449051.00\/150<\/span><\/span><span class=\"s2\"><span class=\"bumpedFont17\">&#8211;<\/span><\/span> <span class=\"s2\"><span class=\"bumpedFont17\">Ass<\/span><\/span><span class=\"s2\"><span class=\"bumpedFont17\">: <\/span><\/span><span class=\"s2\"><span class=\"bumpedFont17\">1<\/span><\/span><span class=\"s2\"><span class=\"bumpedFont17\">3\/11<\/span><\/span><span class=\"s2\"><span class=\"bumpedFont17\">\/202<\/span><\/span><span class=\"s2\"><span class=\"bumpedFont17\">4<\/span><\/span><span class=\"s2\"><span class=\"bumpedFont17\">&#8211; Foro: S\u00e3o Jo\u00e3o Nepomuceno\/MG.<\/span><\/span><\/p>\n<p class=\"s4\">\n<p class=\"s5\">\n<p class=\"s5\">\n<p class=\"s5\">\n<p class=\"s4\">\n<p class=\"s3\"><span class=\"s2\"><span class=\"bumpedFont17\">Marcos de Ara\u00fajo Lima<\/span><\/span><\/p>\n<p class=\"s3\"><span class=\"s2\"><span class=\"bumpedFont17\">Prefeito Municipal<\/span><\/span><\/p>\n<p class=\"s6\">\n","protected":false},"excerpt":{"rendered":"<p>EXTRATO PRIMEIRO TERMO ADITIVO CONTRATO 051\/2024 1\u00ba Termo Aditivo. Pref. Municipal de Descoberto x M&amp;P Pavimenta\u00e7\u00e3oLtda&#8211; Objeto: A modifica\u00e7\u00e3o do prazo de vig\u00eancia do contrato, que passar\u00e1 a vigorar de 13\/11\/2024 a 13\/04\/2025&#8211; Fundamento: Preg\u00e3oPresencial 017\/2024 \u2013 Valor Lote 01: R$ 664.708,80- Valor Lote 03: R$794.118,35&#8211; Vig\u00eancia: 05 meses\u2013 Dot or\u00e7:02.006.000.15.451.0019.1103.449051.00\/150&#8211; Ass: 13\/11\/2024&#8211; Foro: S\u00e3o [&hellip;]<\/p>\n","protected":false},"author":246,"featured_media":0,"comment_status":"closed","ping_status":"closed","sticky":false,"template":"","format":"standard","meta":{"footnotes":""},"categories":[307],"tags":[],"class_list":["post-225600","post","type-post","status-publish","format-standard","hentry","category-editais"],"_links":{"self":[{"href":"https:\/\/diarioregionaldigital.com.br\/index.php?rest_route=\/wp\/v2\/posts\/225600","targetHints":{"allow":["GET"]}}],"collection":[{"href":"https:\/\/diarioregionaldigital.com.br\/index.php?rest_route=\/wp\/v2\/posts"}],"about":[{"href":"https:\/\/diarioregionaldigital.com.br\/index.php?rest_route=\/wp\/v2\/types\/post"}],"author":[{"embeddable":true,"href":"https:\/\/diarioregionaldigital.com.br\/index.php?rest_route=\/wp\/v2\/users\/246"}],"replies":[{"embeddable":true,"href":"https:\/\/diarioregionaldigital.com.br\/index.php?rest_route=%2Fwp%2Fv2%2Fcomments&post=225600"}],"version-history":[{"count":1,"href":"https:\/\/diarioregionaldigital.com.br\/index.php?rest_route=\/wp\/v2\/posts\/225600\/revisions"}],"predecessor-version":[{"id":225601,"href":"https:\/\/diarioregionaldigital.com.br\/index.php?rest_route=\/wp\/v2\/posts\/225600\/revisions\/225601"}],"wp:attachment":[{"href":"https:\/\/diarioregionaldigital.com.br\/index.php?rest_route=%2Fwp%2Fv2%2Fmedia&parent=225600"}],"wp:term":[{"taxonomy":"category","embeddable":true,"href":"https:\/\/diarioregionaldigital.com.br\/index.php?rest_route=%2Fwp%2Fv2%2Fcategories&post=225600"},{"taxonomy":"post_tag","embeddable":true,"href":"https:\/\/diarioregionaldigital.com.br\/index.php?rest_route=%2Fwp%2Fv2%2Ftags&post=225600"}],"curies":[{"name":"wp","href":"https:\/\/api.w.org\/{rel}","templated":true}]}}