{"id":225594,"date":"2024-11-26T20:13:22","date_gmt":"2024-11-26T23:13:22","guid":{"rendered":"https:\/\/diarioregionaldigital.com.br\/?p=225594"},"modified":"2024-11-26T20:13:22","modified_gmt":"2024-11-26T23:13:22","slug":"copa-prefeitura-de-futebol-amador-2024-estadio-municipal-recebe-finais-de-quatro-categorias-no-domingo-1o","status":"publish","type":"post","link":"https:\/\/diarioregionaldigital.com.br\/?p=225594","title":{"rendered":"Copa Prefeitura de Futebol Amador 2024: Est\u00e1dio Municipal recebe finais de quatro categorias no domingo, 1\u00ba"},"content":{"rendered":"<p>Segundo informa\u00e7\u00f5es do site da Prefeitura de Juiz de Fora (PJF), a PJF informa que acontece a partir de s\u00e1bado, 30, os jogos do boletim 14 da Copa Prefeitura de Futebol Amador. Nesta rodada, dois jogos ser\u00e3o disputados, al\u00e9m das finais das categorias: sub-13, sub-15, Zona Rural e Adulta Feminina. As finais ser\u00e3o realizadas no domingo, dia 1\u00ba, a partir das 8h15, no Est\u00e1dio Municipal, como \u00e9 domingo, a passagem do \u00f4nibus \u00e9 de gra\u00e7a. <strong>Confira o boletim completo em anexo.<\/strong><\/p>\n<p>Este ano, 194 equipes foram credenciadas em 14 categorias e est\u00e3o participando da competi\u00e7\u00e3o. Ser\u00e3o realizadas mais de 340 partidas, no per\u00edodo de agosto a dezembro, com participa\u00e7\u00e3o de aproximadamente 4.500 pessoas, entre atletas e comiss\u00e3o t\u00e9cnica.<\/p>\n<p><strong>Jogos da final da copa no est\u00e1dio<\/strong><\/p>\n<p>8h15 &#8211; SUB 13 &#8211; CENTRO DE FUTEBOL ZICO \/ JF X ESCOLA OFICIAL AM\u00c9RICA MG<\/p>\n<p>9h10 &#8211; SUB 15 &#8211; S\u00c3O JO\u00c3O NEPOMUCENO X TUPI F.C.<\/p>\n<p>10h10 &#8211; ZONA RURAL &#8211; CAET\u00c9 X HUMAIT\u00c1<\/p>\n<p>11h20 &#8211; ADULTA FEMININA A.E.C. S\u00c3O BERNARDO JF X SPORT CLUB JUIZ DE FORA<\/p>\n","protected":false},"excerpt":{"rendered":"<p>Segundo informa\u00e7\u00f5es do site da Prefeitura de Juiz de Fora (PJF), a PJF informa que acontece a partir de s\u00e1bado, 30, os jogos do boletim 14 da Copa Prefeitura de Futebol Amador. Nesta rodada, dois jogos ser\u00e3o disputados, al\u00e9m das finais das categorias: sub-13, sub-15, Zona Rural e Adulta Feminina. As finais ser\u00e3o realizadas no [&hellip;]<\/p>\n","protected":false},"author":246,"featured_media":225595,"comment_status":"closed","ping_status":"closed","sticky":false,"template":"","format":"standard","meta":{"footnotes":""},"categories":[253,436,257,439],"tags":[],"class_list":["post-225594","post","type-post","status-publish","format-standard","has-post-thumbnail","hentry","category-cidade","category-destaque-da-semana","category-esporte","category-ultima-hora"],"_links":{"self":[{"href":"https:\/\/diarioregionaldigital.com.br\/index.php?rest_route=\/wp\/v2\/posts\/225594","targetHints":{"allow":["GET"]}}],"collection":[{"href":"https:\/\/diarioregionaldigital.com.br\/index.php?rest_route=\/wp\/v2\/posts"}],"about":[{"href":"https:\/\/diarioregionaldigital.com.br\/index.php?rest_route=\/wp\/v2\/types\/post"}],"author":[{"embeddable":true,"href":"https:\/\/diarioregionaldigital.com.br\/index.php?rest_route=\/wp\/v2\/users\/246"}],"replies":[{"embeddable":true,"href":"https:\/\/diarioregionaldigital.com.br\/index.php?rest_route=%2Fwp%2Fv2%2Fcomments&post=225594"}],"version-history":[{"count":1,"href":"https:\/\/diarioregionaldigital.com.br\/index.php?rest_route=\/wp\/v2\/posts\/225594\/revisions"}],"predecessor-version":[{"id":225596,"href":"https:\/\/diarioregionaldigital.com.br\/index.php?rest_route=\/wp\/v2\/posts\/225594\/revisions\/225596"}],"wp:featuredmedia":[{"embeddable":true,"href":"https:\/\/diarioregionaldigital.com.br\/index.php?rest_route=\/wp\/v2\/media\/225595"}],"wp:attachment":[{"href":"https:\/\/diarioregionaldigital.com.br\/index.php?rest_route=%2Fwp%2Fv2%2Fmedia&parent=225594"}],"wp:term":[{"taxonomy":"category","embeddable":true,"href":"https:\/\/diarioregionaldigital.com.br\/index.php?rest_route=%2Fwp%2Fv2%2Fcategories&post=225594"},{"taxonomy":"post_tag","embeddable":true,"href":"https:\/\/diarioregionaldigital.com.br\/index.php?rest_route=%2Fwp%2Fv2%2Ftags&post=225594"}],"curies":[{"name":"wp","href":"https:\/\/api.w.org\/{rel}","templated":true}]}}