{"id":225591,"date":"2024-11-26T20:11:21","date_gmt":"2024-11-26T23:11:21","guid":{"rendered":"https:\/\/diarioregionaldigital.com.br\/?p=225591"},"modified":"2024-11-26T20:11:21","modified_gmt":"2024-11-26T23:11:21","slug":"confira-os-resultados-do-boletim-13-da-copa-prefeitura-de-futebol-amador-2024","status":"publish","type":"post","link":"https:\/\/diarioregionaldigital.com.br\/?p=225591","title":{"rendered":"Confira os resultados do boletim 13 da Copa Prefeitura de Futebol Amador 2024"},"content":{"rendered":"<p>Segundo informa\u00e7\u00f5es do site da Prefeitura de Juiz de Fora (PJF), a PJF\u00a0informa que foi realizada a d\u00e9cima terceira rodada da Copa Prefeitura de Futebol Amador 2024. Ao todo, foram 8 jogos disputados entre s\u00e1bado e segunda-feira, al\u00e9m das finais das categorias 55+, 35+ e sub-17, disputadas no domingo. Os jogos foram disputados nos campos: Caem do Cer\u00e2mica, Progresso e no Est\u00e1dio Municipal.<\/p>\n<p><strong>Confira o boletim completo no anexo.<\/strong><\/p>\n<p>&nbsp;<\/p>\n<div class=\"texto_anexo\"><img loading=\"lazy\" decoding=\"async\" src=\"https:\/\/www.pjf.mg.gov.br\/imagens\/clips.jpg\" width=\"22\" height=\"20\" \/>\u00a0<a href=\"https:\/\/www.pjf.mg.gov.br\/noticias\/anexo\/RESULTADO13.pdf\" target=\"_blank\" rel=\"noopener\">Veja o anexo<\/a><\/div>\n<p>&nbsp;<\/p>\n","protected":false},"excerpt":{"rendered":"<p>Segundo informa\u00e7\u00f5es do site da Prefeitura de Juiz de Fora (PJF), a PJF\u00a0informa que foi realizada a d\u00e9cima terceira rodada da Copa Prefeitura de Futebol Amador 2024. Ao todo, foram 8 jogos disputados entre s\u00e1bado e segunda-feira, al\u00e9m das finais das categorias 55+, 35+ e sub-17, disputadas no domingo. Os jogos foram disputados nos campos: [&hellip;]<\/p>\n","protected":false},"author":246,"featured_media":225592,"comment_status":"closed","ping_status":"closed","sticky":false,"template":"","format":"standard","meta":{"footnotes":""},"categories":[253,436,257,439],"tags":[],"class_list":["post-225591","post","type-post","status-publish","format-standard","has-post-thumbnail","hentry","category-cidade","category-destaque-da-semana","category-esporte","category-ultima-hora"],"_links":{"self":[{"href":"https:\/\/diarioregionaldigital.com.br\/index.php?rest_route=\/wp\/v2\/posts\/225591","targetHints":{"allow":["GET"]}}],"collection":[{"href":"https:\/\/diarioregionaldigital.com.br\/index.php?rest_route=\/wp\/v2\/posts"}],"about":[{"href":"https:\/\/diarioregionaldigital.com.br\/index.php?rest_route=\/wp\/v2\/types\/post"}],"author":[{"embeddable":true,"href":"https:\/\/diarioregionaldigital.com.br\/index.php?rest_route=\/wp\/v2\/users\/246"}],"replies":[{"embeddable":true,"href":"https:\/\/diarioregionaldigital.com.br\/index.php?rest_route=%2Fwp%2Fv2%2Fcomments&post=225591"}],"version-history":[{"count":1,"href":"https:\/\/diarioregionaldigital.com.br\/index.php?rest_route=\/wp\/v2\/posts\/225591\/revisions"}],"predecessor-version":[{"id":225593,"href":"https:\/\/diarioregionaldigital.com.br\/index.php?rest_route=\/wp\/v2\/posts\/225591\/revisions\/225593"}],"wp:featuredmedia":[{"embeddable":true,"href":"https:\/\/diarioregionaldigital.com.br\/index.php?rest_route=\/wp\/v2\/media\/225592"}],"wp:attachment":[{"href":"https:\/\/diarioregionaldigital.com.br\/index.php?rest_route=%2Fwp%2Fv2%2Fmedia&parent=225591"}],"wp:term":[{"taxonomy":"category","embeddable":true,"href":"https:\/\/diarioregionaldigital.com.br\/index.php?rest_route=%2Fwp%2Fv2%2Fcategories&post=225591"},{"taxonomy":"post_tag","embeddable":true,"href":"https:\/\/diarioregionaldigital.com.br\/index.php?rest_route=%2Fwp%2Fv2%2Ftags&post=225591"}],"curies":[{"name":"wp","href":"https:\/\/api.w.org\/{rel}","templated":true}]}}