{"id":225588,"date":"2024-11-26T20:10:21","date_gmt":"2024-11-26T23:10:21","guid":{"rendered":"https:\/\/diarioregionaldigital.com.br\/?p=225588"},"modified":"2024-11-26T20:10:21","modified_gmt":"2024-11-26T23:10:21","slug":"observatorio-da-cidadania-pjf-e-onu-habitat-inauguram-plataforma-de-dados-de-acesso-publico","status":"publish","type":"post","link":"https:\/\/diarioregionaldigital.com.br\/?p=225588","title":{"rendered":"Observat\u00f3rio da Cidadania: PJF e Onu-Habitat inauguram plataforma de dados de acesso p\u00fablico"},"content":{"rendered":"<p>Segundo informa\u00e7\u00f5es do site da Prefeitura de Juiz de Fora (PJF), foi realizado na noite desta segunda-feira, 25, o evento de inaugura\u00e7\u00e3o do site\u00a0<a href=\"https:\/\/observatoriodacidadania.pjf.mg.gov.br\/\">Observat\u00f3rio da Cidadania<\/a>, fruto da parceria entre\u00a0a Prefeitura de Juiz de Fora\u00a0(PJF) e o\u00a0Programa das Na\u00e7\u00f5es Unidas para os Assentamentos Humanos (ONU-Habitat Brasil). Atrav\u00e9s do Observat\u00f3rio ser\u00e3o analisadas as pol\u00edticas p\u00fablicas, que alimentar\u00e3o esta plataforma permanente dedicada \u00e0 produ\u00e7\u00e3o e an\u00e1lise de dados, informa\u00e7\u00f5es e conhecimento, bem como \u00e0 promo\u00e7\u00e3o da tomada de decis\u00f5es baseadas em evid\u00eancias, contribuindo para uma melhor presta\u00e7\u00e3o de contas, di\u00e1logo e transpar\u00eancia na formula\u00e7\u00e3o de pol\u00edticas p\u00fablicas em Juiz de Fora e alinhamento das a\u00e7\u00f5es, projetos e programas do munic\u00edpio.<\/p>\n<p>A prefeita de Juiz de Fora, Margarida Salom\u00e3o esteve presente na cerim\u00f4nia de abertura, realizada no Teatro Paschoal Magno, e destacou que \u201co Observat\u00f3rio constitui mais uma das muitas formas pelas quais a PJF vem praticando a participa\u00e7\u00e3o popular. Nesse caso em particular, a metodologia do projeto integra uma condi\u00e7\u00e3o muito importante, que \u00e9 a participa\u00e7\u00e3o direta das pessoas moradoras das regi\u00f5es pesquisadas na constru\u00e7\u00e3o das informa\u00e7\u00f5es que acabam se tornando dispon\u00edveis para sociedade e poder p\u00fablico\u201d.<\/p>\n<p>&nbsp;<\/p>\n<div>\u201cT\u00e3o importante quanto disponibilizar uma plataforma com dados, \u00e9 o conhecimento obtido que decorre de uma a\u00e7\u00e3o ativa daqueles que, ao final de contas, s\u00e3o alvo das pol\u00edticas p\u00fablicas que os afetaram. Temos buscado de todo modo praticar a participa\u00e7\u00e3o popular. \u00c9 muito importante que a Universidade tenha mandado para represent\u00e1-la um pr\u00f3-reitor de inova\u00e7\u00e3o, porque \u00e9 de inova\u00e7\u00e3o que se trata esta metodologia que estamos lan\u00e7ando hoje, e aproveito para deixar p\u00fablica nossa renova\u00e7\u00e3o com esse projeto com o Onu-Habitat por mais quatro anos\u201d, ressaltou a prefeita.<\/div>\n<p>&nbsp;<\/p>\n<div>A secret\u00e1ria de Planejamento Territorial e Participa\u00e7\u00e3o Popular, Janayna Freire, aponta que \u201co Observat\u00f3rio da Cidadania representa um avan\u00e7o na constru\u00e7\u00e3o de uma gest\u00e3o p\u00fablica mais transparente e eficiente em Juiz de Fora. Ele refor\u00e7a nosso compromisso com dados qualificados e decis\u00f5es baseadas em evid\u00eancias para atender \u00e0s reais necessidades da popula\u00e7\u00e3o\u201d.<\/p>\n<p><strong>O que foi feito at\u00e9 agora<\/strong><\/p>\n<p>Em dezembro de 2021, a PJF assinou pela primeira vez um Conv\u00eanio de participa\u00e7\u00e3o com o Onu-Habitat. Entre mar\u00e7o e agosto de 2022, o Mapa R\u00e1pido Participativo foi implementado nos 139 microterrit\u00f3rios de vulnerabilidade e dois distritos rurais: Caet\u00e9s de Minas e Sarandira. J\u00e1 no Perfil Socioecon\u00f4mico, que teve dura\u00e7\u00e3o de setembro de 2022 a janeiro 2023, houve coleta de dados dos 139 microterrit\u00f3rios de vulnerabilidade, distribu\u00eddos nas oito regi\u00f5es de planejamento da cidade.<\/p>\n<p>Entre 2023 e 2024 a ONU realizou um treinamento e curso com os servidores da PJF para o uso eficiente de dados na gest\u00e3o p\u00fablica e entre junho e agosto de 2023 houve visitas na Universidade Federal de Juiz de Fora para a divulga\u00e7\u00e3o do Observat\u00f3rio.\u00a0 Logo ap\u00f3s, entre setembro de 2023 e novembro de 2024, a elabora\u00e7\u00e3o da Plataforma e dos produtos: Cat\u00e1logo de Iniciativas, Matriz de Indicadores e Publica\u00e7\u00f5es Tem\u00e1ticas sobre a cidade de Juiz de Fora.<\/p>\n<p>\u201cEsse trabalho, que come\u00e7a no final de 2021 com a assinatura do acordo de coopera\u00e7\u00e3o, e depois com o trabalho de campo, colhe esses dados que v\u00e3o subsidiar outras pol\u00edticas p\u00fablicas da Prefeitura, mas v\u00e3o dar tamb\u00e9m o material para que o observat\u00f3rio seja lan\u00e7ado. Agora a gente sai do Territ\u00f3rio para o Observat\u00f3rio, mas isso n\u00e3o quer dizer que vamos deixar de produzir e analisar os dados, mas sim que agora temos esses dados reunidos para melhorarmos e trabalharmos com a comunidade e a Universidade. \u00c9 uma primeira vers\u00e3o desenvolvida exclusivamente para a PJF\u201d, destaca a gerente de Programas do Onu Habitat, Daphne Besen.<\/p><\/div>\n<p>&nbsp;<\/p>\n<div><strong>Pr\u00f3ximos Passos<\/strong><\/p>\n<p>O\u00a0<a href=\"https:\/\/observatoriodacidadania.pjf.mg.gov.br\/\">Observat\u00f3rio<\/a>\u00a0engloba uma matriz de indicadores que permite a localiza\u00e7\u00e3o dos ODS no munic\u00edpio. Atrav\u00e9s de um mapeamento tem\u00e1tico, \u00e9 poss\u00edvel analisar o desenvolvimento sustent\u00e1vel do munic\u00edpio e monitorar pol\u00edticas p\u00fablicas em diferentes \u00e1reas. Os indicadores foram pensados para conectar as prioridades do munic\u00edpio com as agendas globais. Dessa forma, \u00e9 poss\u00edvel comparar o est\u00e1gio de desenvolvimento da cidade com outras localidades. Dentro da p\u00e1gina de cada indicador, \u00e9 poss\u00edvel visualizar os dados em uma s\u00e9rie hist\u00f3rica, assim como informa\u00e7\u00f5es pertinentes como descri\u00e7\u00e3o, metodologia de c\u00e1lculo e fonte utilizada.<\/p>\n<p>J\u00e1 o Cat\u00e1logo de Iniciativas engloba um mapeamento de a\u00e7\u00f5es de todas as Unidades Gestoras alinhadas aos Objetivos de Desenvolvimento Sustent\u00e1vel. At\u00e9 o momento, s\u00e3o mais de 150 iniciativas identificadas, que podem ser filtradas por secretaria, data de in\u00edcio e ODS. Elas atendem a crit\u00e9rios de inova\u00e7\u00e3o, sustentabilidade e acesso direto dos servi\u00e7os pela popula\u00e7\u00e3o de Juiz de Fora e est\u00e3o divididas em diferentes tem\u00e1ticas, como educa\u00e7\u00e3o, desenvolvimento urbano, cultura e meio ambiente.<\/p><\/div>\n<div><\/div>\n<div>\u00c9 poss\u00edvel acessar informa\u00e7\u00f5es como legisla\u00e7\u00e3o, p\u00fablico-alvo e refer\u00eancias no Cat\u00e1logo, facilitando o acesso e conhecimento sobre as pol\u00edticas p\u00fablicas desenvolvidas a partir da atual gest\u00e3o e mostrando como Juiz de Fora busca ser exemplo em implementar a\u00e7\u00f5es locais conectadas \u00e0s agendas de desenvolvimento globais.<\/div>\n<p>&nbsp;<\/p>\n<div>Fabr\u00edcio Campos, Pr\u00f3-Reitor de Inova\u00e7\u00e3o da Universidade Federal de Juiz de Fora (UFJF), refor\u00e7a qual o papel da Universidade nesse cen\u00e1rio. &#8220;Temos um grande desafio pela frente que \u00e9 manter essa base de dados e expandir essas an\u00e1lises. Eu acredito que o que estamos fazendo aqui tem o potencial de revolucionar a forma com que a cidade de Juiz de Fora faz o seu planejamento e almeja os passos futuros, com diferencial e com inova\u00e7\u00e3o muito importantes, que eu acredito que v\u00e3o al\u00e9m de um site que estamos vendo aqui hoje.\u00a0 \u00c9 um mecanismo que traz a possibilidade da tomada de decis\u00e3o baseado em an\u00e1lise de dados que nos permite sonhar, como popula\u00e7\u00e3o, com um munic\u00edpio mais eficiente.\u201d<\/div>\n<p>&nbsp;<\/p>\n<div>O evento de lan\u00e7amento do Observat\u00f3rio da Cidadania recebeu o\u00a0 p\u00fablico em geral, e contou com a presen\u00e7a de lideran\u00e7as comunit\u00e1rias, vereadores e demais personagens da cena pol\u00edtica da cidade.<\/div>\n<p>Confira o site no link a seguir:\u00a0https:\/\/observatoriodacidadania.pjf.mg.gov.br\/<\/p>\n","protected":false},"excerpt":{"rendered":"<p>Segundo informa\u00e7\u00f5es do site da Prefeitura de Juiz de Fora (PJF), foi realizado na noite desta segunda-feira, 25, o evento de inaugura\u00e7\u00e3o do site\u00a0Observat\u00f3rio da Cidadania, fruto da parceria entre\u00a0a Prefeitura de Juiz de Fora\u00a0(PJF) e o\u00a0Programa das Na\u00e7\u00f5es Unidas para os Assentamentos Humanos (ONU-Habitat Brasil). Atrav\u00e9s do Observat\u00f3rio ser\u00e3o analisadas as pol\u00edticas p\u00fablicas, que [&hellip;]<\/p>\n","protected":false},"author":246,"featured_media":225589,"comment_status":"closed","ping_status":"closed","sticky":false,"template":"","format":"standard","meta":{"footnotes":""},"categories":[253,436,440,439],"tags":[],"class_list":["post-225588","post","type-post","status-publish","format-standard","has-post-thumbnail","hentry","category-cidade","category-destaque-da-semana","category-destaques-do-dia","category-ultima-hora"],"_links":{"self":[{"href":"https:\/\/diarioregionaldigital.com.br\/index.php?rest_route=\/wp\/v2\/posts\/225588","targetHints":{"allow":["GET"]}}],"collection":[{"href":"https:\/\/diarioregionaldigital.com.br\/index.php?rest_route=\/wp\/v2\/posts"}],"about":[{"href":"https:\/\/diarioregionaldigital.com.br\/index.php?rest_route=\/wp\/v2\/types\/post"}],"author":[{"embeddable":true,"href":"https:\/\/diarioregionaldigital.com.br\/index.php?rest_route=\/wp\/v2\/users\/246"}],"replies":[{"embeddable":true,"href":"https:\/\/diarioregionaldigital.com.br\/index.php?rest_route=%2Fwp%2Fv2%2Fcomments&post=225588"}],"version-history":[{"count":1,"href":"https:\/\/diarioregionaldigital.com.br\/index.php?rest_route=\/wp\/v2\/posts\/225588\/revisions"}],"predecessor-version":[{"id":225590,"href":"https:\/\/diarioregionaldigital.com.br\/index.php?rest_route=\/wp\/v2\/posts\/225588\/revisions\/225590"}],"wp:featuredmedia":[{"embeddable":true,"href":"https:\/\/diarioregionaldigital.com.br\/index.php?rest_route=\/wp\/v2\/media\/225589"}],"wp:attachment":[{"href":"https:\/\/diarioregionaldigital.com.br\/index.php?rest_route=%2Fwp%2Fv2%2Fmedia&parent=225588"}],"wp:term":[{"taxonomy":"category","embeddable":true,"href":"https:\/\/diarioregionaldigital.com.br\/index.php?rest_route=%2Fwp%2Fv2%2Fcategories&post=225588"},{"taxonomy":"post_tag","embeddable":true,"href":"https:\/\/diarioregionaldigital.com.br\/index.php?rest_route=%2Fwp%2Fv2%2Ftags&post=225588"}],"curies":[{"name":"wp","href":"https:\/\/api.w.org\/{rel}","templated":true}]}}