{"id":225579,"date":"2024-11-26T20:05:01","date_gmt":"2024-11-26T23:05:01","guid":{"rendered":"https:\/\/diarioregionaldigital.com.br\/?p=225579"},"modified":"2024-11-26T20:05:01","modified_gmt":"2024-11-26T23:05:01","slug":"atividade-turistica-cresce-mais-em-minas-do-que-a-media-nacional-em-2024","status":"publish","type":"post","link":"https:\/\/diarioregionaldigital.com.br\/?p=225579","title":{"rendered":"Atividade tur\u00edstica cresce mais em Minas do que a m\u00e9dia nacional em 2024"},"content":{"rendered":"<p>Minas Gerais consolidou a posi\u00e7\u00e3o como um dos principais destinos tur\u00edsticos do Brasil, de acordo com indicadores recentes do Instituto Brasileiro de Geografia e Estat\u00edstica (IBGE), que apontam que a atividade cresceu 506% a mais no estado do que na m\u00e9dia do Brasil, em 2024.<\/p>\n<p>Os n\u00fameros revelam o crescimento cont\u00ednuo do turismo em Minas, nos \u00faltimos dez anos, e a lideran\u00e7a do estado nos \u00faltimos tr\u00eas anos. Desde 2022, Minas Gerais assumiu a ponta do crescimento da atividade tur\u00edstica entre os estados das regi\u00f5es Sul e Sudeste, e, desde 2023, destaca-se como refer\u00eancia em todo o Brasil.<\/p>\n<p>De janeiro a agosto, o estado apresentou varia\u00e7\u00e3o acumulada de 9,1%, ao passo que a m\u00e9dia nacional foi de 1,5%. Considerando apenas o m\u00eas de agosto, Minas teve crescimento de 8,1% em rela\u00e7\u00e3o ao mesmo per\u00edodo do ano anterior, enquanto o desempenho brasileiro ficou em 2,6%.<\/p>\n<p>Os n\u00fameros s\u00e3o do \u00cdndice de Atividades Tur\u00edsticas (IATUR), do IBGE, e est\u00e3o no mais recente boletim divulgado pelo Observat\u00f3rio do Turismo de Minas Gerais (OTMG), da\u00a0<a href=\"https:\/\/www.secult.mg.gov.br\/\" target=\"_blank\" rel=\"noopener\">Secretaria de Estado de Cultura e Turismo (Secult-MG)<\/a>.<\/p>\n<p>&#8220;Estamos orgulhosos de ver Minas Gerais se destacando no turismo nacional. Esses n\u00fameros refletem nossos esfor\u00e7os em promover o estado como um destino diversificado e acolhedor. Continuaremos investindo em infraestrutura e em iniciativas que valorizem nossa cultura e nosso povo&#8221;, afirma o secret\u00e1rio de Estado de Cultura e Turismo de Minas Gerais, Le\u00f4nidas de Oliveira.<\/p>\n<p><strong>Gera\u00e7\u00e3o de empregos<\/strong><\/p>\n<p>O relat\u00f3rio tamb\u00e9m mostra que, at\u00e9 agosto, houve crescimento de 9,75% no n\u00famero de trabalhadores do setor tur\u00edstico em rela\u00e7\u00e3o ao in\u00edcio da s\u00e9rie hist\u00f3rica, em janeiro de 2023. Minas Gerais possui 432.078 pessoas com carteira assinada atuando no segmento.<\/p>\n<p>Os dados, retirados do Novo Caged, do Minist\u00e9rio do Trabalho e Emprego (MTE), apontam ainda a cria\u00e7\u00e3o de 2.193 empregos, apenas em agosto de 2024. O segmento de alimenta\u00e7\u00e3o foi o que mais contribuiu, gerando saldo de 1.627 novos postos de trabalho. At\u00e9 agosto, o turismo fez surgir cerca de 13 mil empregos em Minas Gerais.<\/p>\n<p><strong>Movimento<\/strong><\/p>\n<p>Mais de 4,5 milh\u00f5es de passageiros desembarcaram em aeroportos mineiros, entre janeiro e agosto de 2024, n\u00famero 10,7% acima do mesmo per\u00edodo do ano passado. O m\u00eas de agosto registrou 632.935 desembarques no estado, superando em 16,3% o registrado no mesmo m\u00eas de 2023 e, em 13,6%, o fluxo de agosto de 2019, per\u00edodo pr\u00e9-pandemia. Os principais estados emissores de fora de Minas foram S\u00e3o Paulo, Bahia e Rio.<\/p>\n<p>A quantidade de turistas estrangeiros tamb\u00e9m subiu. Ao todo, 27.580 passageiros de voos internacionais pousaram em Minas apenas em agosto de 2024, um aumento de 44,1%, quando comparado a agosto de 2023, e de 2,3%, no comparativo com julho. Isso significa que, apenas at\u00e9 o oitavo m\u00eas de 2024, Minas j\u00e1 alcan\u00e7ou 95,3% do total de turistas internacionais recebidos em 2023. Os visitantes v\u00eam principalmente do Chile (29,42%), Portugal (28,27%), Panam\u00e1 (20,26%) e EUA (14,96%).<\/p>\n<p>Esse crescimento \u00e9 atribu\u00eddo ao rico patrim\u00f4nio hist\u00f3rico do estado, \u00e0 diversidade cultural e \u00e0s belezas naturais que atraem visitantes em busca de experi\u00eancias aut\u00eanticas. O incremento no n\u00famero de passageiros nos aeroporto mineiros resulta de novas rotas a\u00e9reas e da amplia\u00e7\u00e3o de conex\u00f5es internacionais. Essa expans\u00e3o tem facilitado o acesso de turistas estrangeiros, contribuindo para a visibilidade global do estado.<\/p>\n<p>Fonte: Ag\u00eancia Minas<\/p>\n","protected":false},"excerpt":{"rendered":"<p>Minas Gerais consolidou a posi\u00e7\u00e3o como um dos principais destinos tur\u00edsticos do Brasil, de acordo com indicadores recentes do Instituto Brasileiro de Geografia e Estat\u00edstica (IBGE), que apontam que a atividade cresceu 506% a mais no estado do que na m\u00e9dia do Brasil, em 2024. Os n\u00fameros revelam o crescimento cont\u00ednuo do turismo em Minas, [&hellip;]<\/p>\n","protected":false},"author":246,"featured_media":225580,"comment_status":"closed","ping_status":"closed","sticky":false,"template":"","format":"standard","meta":{"footnotes":""},"categories":[436,261,254,439],"tags":[],"class_list":["post-225579","post","type-post","status-publish","format-standard","has-post-thumbnail","hentry","category-destaque-da-semana","category-economia","category-politica","category-ultima-hora"],"_links":{"self":[{"href":"https:\/\/diarioregionaldigital.com.br\/index.php?rest_route=\/wp\/v2\/posts\/225579","targetHints":{"allow":["GET"]}}],"collection":[{"href":"https:\/\/diarioregionaldigital.com.br\/index.php?rest_route=\/wp\/v2\/posts"}],"about":[{"href":"https:\/\/diarioregionaldigital.com.br\/index.php?rest_route=\/wp\/v2\/types\/post"}],"author":[{"embeddable":true,"href":"https:\/\/diarioregionaldigital.com.br\/index.php?rest_route=\/wp\/v2\/users\/246"}],"replies":[{"embeddable":true,"href":"https:\/\/diarioregionaldigital.com.br\/index.php?rest_route=%2Fwp%2Fv2%2Fcomments&post=225579"}],"version-history":[{"count":1,"href":"https:\/\/diarioregionaldigital.com.br\/index.php?rest_route=\/wp\/v2\/posts\/225579\/revisions"}],"predecessor-version":[{"id":225581,"href":"https:\/\/diarioregionaldigital.com.br\/index.php?rest_route=\/wp\/v2\/posts\/225579\/revisions\/225581"}],"wp:featuredmedia":[{"embeddable":true,"href":"https:\/\/diarioregionaldigital.com.br\/index.php?rest_route=\/wp\/v2\/media\/225580"}],"wp:attachment":[{"href":"https:\/\/diarioregionaldigital.com.br\/index.php?rest_route=%2Fwp%2Fv2%2Fmedia&parent=225579"}],"wp:term":[{"taxonomy":"category","embeddable":true,"href":"https:\/\/diarioregionaldigital.com.br\/index.php?rest_route=%2Fwp%2Fv2%2Fcategories&post=225579"},{"taxonomy":"post_tag","embeddable":true,"href":"https:\/\/diarioregionaldigital.com.br\/index.php?rest_route=%2Fwp%2Fv2%2Ftags&post=225579"}],"curies":[{"name":"wp","href":"https:\/\/api.w.org\/{rel}","templated":true}]}}