{"id":225573,"date":"2024-11-26T20:01:31","date_gmt":"2024-11-26T23:01:31","guid":{"rendered":"https:\/\/diarioregionaldigital.com.br\/?p=225573"},"modified":"2024-11-26T20:01:31","modified_gmt":"2024-11-26T23:01:31","slug":"com-apoio-do-governo-de-minas-lider-mundial-no-mercado-de-laticinios-confirma-investimento-de-r-250-milhoes-no-estado","status":"publish","type":"post","link":"https:\/\/diarioregionaldigital.com.br\/?p=225573","title":{"rendered":"Com apoio do Governo de Minas, l\u00edder mundial no mercado de latic\u00ednios confirma investimento de R$ 250 milh\u00f5es no estado"},"content":{"rendered":"<p><main class=\"clear margin-md-bottom-3\"><\/p>\n<div class=\"clear \">\n<p>O trabalho do\u00a0<a href=\"https:\/\/www.mg.gov.br\/\" target=\"_blank\" rel=\"noopener\">Governo de Minas<\/a>, por meio da\u00a0<a href=\"https:\/\/desenvolvimento.mg.gov.br\/\" target=\"_blank\" rel=\"noopener\">Secretaria de Estado de Desenvolvimento Econ\u00f4mico (Sede-MG)<\/a>\u00a0e da sua vinculada\u00a0<a href=\"https:\/\/investminas.mg.gov.br\/\" target=\"_blank\" rel=\"noopener\">Invest Minas<\/a>, tem facilitado a realiza\u00e7\u00e3o de projetos de investimento. Nesta ter\u00e7a-feira (26\/11), foi a vez do Grupo Lactalis confirmar um novo aporte privado de R$ 250 milh\u00f5es para modernizar, ampliar e otimizar o trabalho desenvolvido por suas sete unidades industriais em Minas Gerais.<\/p>\n<p>Estes recursos ser\u00e3o aplicados at\u00e9 2026. Os aportes realizados pelo Grupo Lactalis em Minas Gerais j\u00e1 somam R$ 736 milh\u00f5es desde 2020, sempre com o suporte da Sede-MG e da Invest Minas para a atra\u00e7\u00e3o e concretiza\u00e7\u00e3o de investimentos.<\/p>\n<p>\u201cCom a amplia\u00e7\u00e3o em nosso estado desta empresa, l\u00edder no mercado de latic\u00ednios do mundo, teremos mais empregos e o desenvolvimento de toda a cadeia produtiva, uma vez que eles s\u00e3o respons\u00e1veis por uma s\u00e9rie de produtos derivados do leite\u201d, destacou o governador de Minas, que explicou a oportunidade que Minas representa para o setor.<\/p>\n<p>&nbsp;<\/p>\n<table border=\"0\" cellspacing=\"1\" cellpadding=\"1\" align=\"center\">\n<tbody>\n<tr>\n<td colspan=\"5\"><img decoding=\"async\" src=\"https:\/\/www.agenciaminas.mg.gov.br\/ckeditor_assets\/pictures\/20949\/content_2_olho_topo.jpg\" alt=\"\" \/><\/td>\n<\/tr>\n<tr>\n<td><\/td>\n<td colspan=\"3\" rowspan=\"3\">\n<h1><strong>&#8220;Isso vai contribuir para o desenvolvimento da nossa produ\u00e7\u00e3o leiteira, que hoje j\u00e1 \u00e9 a maior do pa\u00eds&#8221;, enalteceu Romeu Zema.<\/strong><\/h1>\n<\/td>\n<td><\/td>\n<\/tr>\n<tr>\n<td><\/td>\n<td><\/td>\n<\/tr>\n<tr>\n<td><\/td>\n<td><\/td>\n<\/tr>\n<tr>\n<td colspan=\"5\"><img decoding=\"async\" src=\"https:\/\/www.agenciaminas.mg.gov.br\/ckeditor_assets\/pictures\/20950\/content_2_olho_inferior.jpg\" alt=\"\" \/><\/td>\n<\/tr>\n<\/tbody>\n<\/table>\n<p>O secret\u00e1rio de Estado de Desenvolvimento Econ\u00f4mico, Fernando Passalio, entende que o acompanhamento personalizado do Governo de Minas \u00e0s empresas vem propiciando mais oportunidades. \u201cEstamos cada vez mais perto da marca de meio R$ 1 trilh\u00e3o em investimentos privados atra\u00eddos desde 2019, e parceiros como a Lactalis s\u00e3o fundamentais no sucesso da nossa economia\u201d, ressaltou.<\/p>\n<p><strong>Grupo Lactalis<\/strong><\/p>\n<p>Em Minas, a empresa possui f\u00e1bricas nos munic\u00edpios de Ant\u00f4nio Carlos, Pouso Alto, Sabar\u00e1, Guanh\u00e3es, Par\u00e1 de Minas, Sete Lagoas e Uberl\u00e2ndia, al\u00e9m das unidades de log\u00edstica de Contagem e do setor administrativo de Belo Horizonte. Ao todo, o grupo mant\u00e9m 3.654 empregos diretos no estado, n\u00famero que deve ser ampliado a partir de 2025.<\/p>\n<p>Especializada em g\u00eaneros l\u00e1cteos, quase a totalidade do leite utilizado no estado \u00e9 adquirido junto \u00e0 Cooperativa Central dos Produtores Rurais (CCPR), por meio de contrato de longa dura\u00e7\u00e3o. Essa parceria estimula a produ\u00e7\u00e3o de leite em Minas, fortalecendo os produtores locais para que haja constante crescimento em produtividade e qualidade, impulsionando a moderniza\u00e7\u00e3o das unidades, enquanto consolida o estado como polo na produ\u00e7\u00e3o de latic\u00ednios.<\/p>\n<p>O CEO da Lactalis no Brasil, Roosevelt Junior, reconheceu a import\u00e2ncia estrat\u00e9gica de Minas na produ\u00e7\u00e3o. O estado sedia sete das 23 plantas do grupo no pa\u00eds e \u00e9 respons\u00e1vel por 30% dos funcion\u00e1rios da empresa no Brasil.<\/p>\n<p>\u201cMinas \u00e9 um estado de suma import\u00e2ncia para o nosso presente, mas tamb\u00e9m para o nosso futuro onde, caminhando junto com o governo, com os produtores, com toda a cadeia de produ\u00e7\u00e3o, vamos continuar crescendo e investindo para\u00a0gerar cada vez mais neg\u00f3cios para a empresa, mas cada vez mais valor para toda a nossa cadeia leiteira\u201d, disse.<\/p>\n<p>Al\u00e9m do investimento para a amplia\u00e7\u00e3o das unidades da empresa, a Lactalis tamb\u00e9m negocia um novo Protocolo de Inten\u00e7\u00f5es, que contempla a adequa\u00e7\u00e3o do tratamento tribut\u00e1rio e formaliza\u00e7\u00e3o dos investimentos no estado.<\/p>\n<p>Fonte: Ag\u00eancia Minas<\/p>\n<\/div>\n<p><\/main><\/p>\n","protected":false},"excerpt":{"rendered":"<p>O trabalho do\u00a0Governo de Minas, por meio da\u00a0Secretaria de Estado de Desenvolvimento Econ\u00f4mico (Sede-MG)\u00a0e da sua vinculada\u00a0Invest Minas, tem facilitado a realiza\u00e7\u00e3o de projetos de investimento. Nesta ter\u00e7a-feira (26\/11), foi a vez do Grupo Lactalis confirmar um novo aporte privado de R$ 250 milh\u00f5es para modernizar, ampliar e otimizar o trabalho desenvolvido por suas sete [&hellip;]<\/p>\n","protected":false},"author":246,"featured_media":225574,"comment_status":"closed","ping_status":"closed","sticky":false,"template":"","format":"standard","meta":{"footnotes":""},"categories":[436,440,261,254,252,439],"tags":[],"class_list":["post-225573","post","type-post","status-publish","format-standard","has-post-thumbnail","hentry","category-destaque-da-semana","category-destaques-do-dia","category-economia","category-politica","category-regiao","category-ultima-hora"],"_links":{"self":[{"href":"https:\/\/diarioregionaldigital.com.br\/index.php?rest_route=\/wp\/v2\/posts\/225573","targetHints":{"allow":["GET"]}}],"collection":[{"href":"https:\/\/diarioregionaldigital.com.br\/index.php?rest_route=\/wp\/v2\/posts"}],"about":[{"href":"https:\/\/diarioregionaldigital.com.br\/index.php?rest_route=\/wp\/v2\/types\/post"}],"author":[{"embeddable":true,"href":"https:\/\/diarioregionaldigital.com.br\/index.php?rest_route=\/wp\/v2\/users\/246"}],"replies":[{"embeddable":true,"href":"https:\/\/diarioregionaldigital.com.br\/index.php?rest_route=%2Fwp%2Fv2%2Fcomments&post=225573"}],"version-history":[{"count":1,"href":"https:\/\/diarioregionaldigital.com.br\/index.php?rest_route=\/wp\/v2\/posts\/225573\/revisions"}],"predecessor-version":[{"id":225575,"href":"https:\/\/diarioregionaldigital.com.br\/index.php?rest_route=\/wp\/v2\/posts\/225573\/revisions\/225575"}],"wp:featuredmedia":[{"embeddable":true,"href":"https:\/\/diarioregionaldigital.com.br\/index.php?rest_route=\/wp\/v2\/media\/225574"}],"wp:attachment":[{"href":"https:\/\/diarioregionaldigital.com.br\/index.php?rest_route=%2Fwp%2Fv2%2Fmedia&parent=225573"}],"wp:term":[{"taxonomy":"category","embeddable":true,"href":"https:\/\/diarioregionaldigital.com.br\/index.php?rest_route=%2Fwp%2Fv2%2Fcategories&post=225573"},{"taxonomy":"post_tag","embeddable":true,"href":"https:\/\/diarioregionaldigital.com.br\/index.php?rest_route=%2Fwp%2Fv2%2Ftags&post=225573"}],"curies":[{"name":"wp","href":"https:\/\/api.w.org\/{rel}","templated":true}]}}