{"id":225557,"date":"2024-11-25T21:57:25","date_gmt":"2024-11-26T00:57:25","guid":{"rendered":"https:\/\/diarioregionaldigital.com.br\/?p=225557"},"modified":"2024-11-25T21:57:25","modified_gmt":"2024-11-26T00:57:25","slug":"minas-gerais-tera-investimento-historico-em-cultura-com-lancamento-de-edital-de-r-397-milhoes","status":"publish","type":"post","link":"https:\/\/diarioregionaldigital.com.br\/?p=225557","title":{"rendered":"Minas Gerais ter\u00e1 investimento hist\u00f3rico em cultura com lan\u00e7amento de edital de R$ 39,7 milh\u00f5es"},"content":{"rendered":"<p>A\u00a0<a href=\"https:\/\/www.secult.mg.gov.br\/\" target=\"_blank\" rel=\"noopener\">Secretaria de Estado de Cultura e Turismo de Minas Gerais (Secult-MG)<\/a>\u00a0lan\u00e7a o Edital de Premia\u00e7\u00e3o Ra\u00edzes de Minas, que destinar\u00e1 um total hist\u00f3rico de R$ 39,7 milh\u00f5es para reconhecer e fortalecer as manifesta\u00e7\u00f5es culturais populares e tradicionais no estado via recursos da Pol\u00edtica Nacional Aldir Blanc (Pnab). Este \u00e9 o maior aporte j\u00e1 registrado para o setor em Minas Gerais, refor\u00e7ando o compromisso com a valoriza\u00e7\u00e3o e a preserva\u00e7\u00e3o do rico patrim\u00f4nio cultural mineiro.<\/p>\n<p>O edital, que foi disponibilizado no\u00a0<a href=\"https:\/\/secult.mg.gov.br\/documentos\/politica-nacional-aldir-blanc\/editais\" target=\"_blank\" rel=\"noopener\">site da Secult<\/a>\u00a0no s\u00e1bado (23\/11), abrange mais de 2 mil agentes culturais, entre mestres, grupos tradicionais, coletivos, institui\u00e7\u00f5es e artistas que se destacam na promo\u00e7\u00e3o de manifesta\u00e7\u00f5es culturais diversas, como Reinados, Congados, Capoeira, Folias de Reis, Hip-Hop, festividades populares, tradi\u00e7\u00f5es orais, e muito mais. Al\u00e9m disso, categorias in\u00e9ditas, como trajet\u00f3rias na Cozinha Mineira e na Moda Mineira, tamb\u00e9m ser\u00e3o contempladas.<\/p>\n<p>As inscri\u00e7\u00f5es para o edital estar\u00e3o abertas entre os dias 10\/12 e 10\/2\/2025. Os interessados devem acessar a plataforma\u00a0<a href=\"https:\/\/descentra.mg.gov.br\/acessar\" target=\"_blank\" rel=\"noopener\">Descentra Cultura<\/a>\u00a0para realizar o cadastro e enviar suas propostas. O edital faz parte da implementa\u00e7\u00e3o da Lei Aldir Blanc 2 (Lei n\u00ba 14.399\/2022) e refor\u00e7a o papel de Minas Gerais como refer\u00eancia nacional em pol\u00edticas p\u00fablicas para a cultura.<\/p>\n<p>Para o secret\u00e1rio de Estado de Cultura e Turismo, Le\u00f4nidas de Oliveira, o edital marca um momento hist\u00f3rico: &#8220;Este investimento \u00e9 mais que um reconhecimento. \u00c9 um passo concreto para garantir a continuidade e a valoriza\u00e7\u00e3o das culturas populares e tradicionais que fazem de Minas Gerais um celeiro cultural \u00fanico no Brasil e no mundo\u201d, frisa.<\/p>\n<p>A subsecret\u00e1ria de Cultura de Minas Gerais, Nathalia Larsen, acrescenta a import\u00e2ncia do edital para o fomento \u00e0 cadeia produtiva da cultura. \u201cO edital de premia\u00e7\u00e3o tem como principal objetivo reconhecer o trabalho realizado pelos fazedores de cultura de Minas Gerais, em especial aqueles que tem seu modo de vida sua forma de express\u00e3o. A distribui\u00e7\u00e3o do recurso vai de encontro \u00e0 gera\u00e7\u00e3o de renda, agentes, permitindo melhoria na qualidade de vida\u201d, pontua.<\/p>\n<p><strong>Destaques do edital<\/strong><\/p>\n<p>Investimento robusto: um total de R$ 39,7 milh\u00f5es ser\u00e1 distribu\u00eddo em premia\u00e7\u00f5es que reconhecem trajet\u00f3rias culturais e art\u00edsticas marcantes.<\/p>\n<p>Abrang\u00eancia estadual: os recursos ser\u00e3o distribu\u00eddos entre as 13 regi\u00f5es intermedi\u00e1rias de Minas Gerais, priorizando a interioriza\u00e7\u00e3o e agentes culturais das localidades com menor \u00cdndice de Desenvolvimento Humano Municipal (IDHM).<\/p>\n<p>A\u00e7\u00f5es afirmativas: garantia de cotas para pessoas negras, ind\u00edgenas e com defici\u00eancia, promovendo inclus\u00e3o e diversidade.<\/p>\n<p>Facilita\u00e7\u00e3o e acessibilidade: o edital foi elaborado com a aplica\u00e7\u00e3o de t\u00e9cnicas de Linguagem Simples e Design Editorial, garantindo maior acessibilidade para todos os interessados.<\/p>\n<p>Fonte: Ag\u00eancia Minas<\/p>\n","protected":false},"excerpt":{"rendered":"<p>A\u00a0Secretaria de Estado de Cultura e Turismo de Minas Gerais (Secult-MG)\u00a0lan\u00e7a o Edital de Premia\u00e7\u00e3o Ra\u00edzes de Minas, que destinar\u00e1 um total hist\u00f3rico de R$ 39,7 milh\u00f5es para reconhecer e fortalecer as manifesta\u00e7\u00f5es culturais populares e tradicionais no estado via recursos da Pol\u00edtica Nacional Aldir Blanc (Pnab). Este \u00e9 o maior aporte j\u00e1 registrado para [&hellip;]<\/p>\n","protected":false},"author":246,"featured_media":225558,"comment_status":"closed","ping_status":"closed","sticky":false,"template":"","format":"standard","meta":{"footnotes":""},"categories":[436,440,261,254,439],"tags":[],"class_list":["post-225557","post","type-post","status-publish","format-standard","has-post-thumbnail","hentry","category-destaque-da-semana","category-destaques-do-dia","category-economia","category-politica","category-ultima-hora"],"_links":{"self":[{"href":"https:\/\/diarioregionaldigital.com.br\/index.php?rest_route=\/wp\/v2\/posts\/225557","targetHints":{"allow":["GET"]}}],"collection":[{"href":"https:\/\/diarioregionaldigital.com.br\/index.php?rest_route=\/wp\/v2\/posts"}],"about":[{"href":"https:\/\/diarioregionaldigital.com.br\/index.php?rest_route=\/wp\/v2\/types\/post"}],"author":[{"embeddable":true,"href":"https:\/\/diarioregionaldigital.com.br\/index.php?rest_route=\/wp\/v2\/users\/246"}],"replies":[{"embeddable":true,"href":"https:\/\/diarioregionaldigital.com.br\/index.php?rest_route=%2Fwp%2Fv2%2Fcomments&post=225557"}],"version-history":[{"count":1,"href":"https:\/\/diarioregionaldigital.com.br\/index.php?rest_route=\/wp\/v2\/posts\/225557\/revisions"}],"predecessor-version":[{"id":225559,"href":"https:\/\/diarioregionaldigital.com.br\/index.php?rest_route=\/wp\/v2\/posts\/225557\/revisions\/225559"}],"wp:featuredmedia":[{"embeddable":true,"href":"https:\/\/diarioregionaldigital.com.br\/index.php?rest_route=\/wp\/v2\/media\/225558"}],"wp:attachment":[{"href":"https:\/\/diarioregionaldigital.com.br\/index.php?rest_route=%2Fwp%2Fv2%2Fmedia&parent=225557"}],"wp:term":[{"taxonomy":"category","embeddable":true,"href":"https:\/\/diarioregionaldigital.com.br\/index.php?rest_route=%2Fwp%2Fv2%2Fcategories&post=225557"},{"taxonomy":"post_tag","embeddable":true,"href":"https:\/\/diarioregionaldigital.com.br\/index.php?rest_route=%2Fwp%2Fv2%2Ftags&post=225557"}],"curies":[{"name":"wp","href":"https:\/\/api.w.org\/{rel}","templated":true}]}}