{"id":225526,"date":"2024-11-22T00:56:40","date_gmt":"2024-11-22T03:56:40","guid":{"rendered":"https:\/\/diarioregionaldigital.com.br\/?p=225526"},"modified":"2024-11-22T00:56:40","modified_gmt":"2024-11-22T03:56:40","slug":"extrato-de-contrato-086-22-11-2024","status":"publish","type":"post","link":"https:\/\/diarioregionaldigital.com.br\/?p=225526","title":{"rendered":"EXTRATO DE CONTRATO 086 &#8211; 22\/11\/2024"},"content":{"rendered":"<p class=\"s2\"><span class=\"s3\"><span class=\"bumpedFont17\">EXTRATO DE CONTRATO<\/span><\/span><span class=\"s3\"><span class=\"bumpedFont17\"> 086-2024<\/span><\/span><\/p>\n<p class=\"s2\">\n<p class=\"s4\"><span class=\"s3\"><span class=\"bumpedFont17\">Pref. Municipal de Descoberto x<\/span><\/span> <span class=\"s3\"><span class=\"bumpedFont17\">Marcio Alexandre <\/span><\/span><span class=\"s3\"><span class=\"bumpedFont17\">Dumbrosck<\/span><\/span><span class=\"s3\"><span class=\"bumpedFont17\"> Luzes &#8211; ME<\/span><\/span> <span class=\"s3\"><span class=\"bumpedFont17\">&#8211; Objeto:<\/span><\/span> <span class=\"s3\"><span class=\"bumpedFont17\">Contrata\u00e7\u00e3o da apresenta\u00e7\u00e3o art\u00edstica da dupla ALAN &amp; ALISSON, na Pra\u00e7a Caboclo Teixeira de Descoberto\/MG no dia 31 de dezembro de 2024 no <\/span><\/span><span class=\"s3\"><span class=\"bumpedFont17\">Reveillon<\/span><\/span><span class=\"s3\"><span class=\"bumpedFont17\"> 2025<\/span><\/span> <span class=\"s3\"><span class=\"bumpedFont17\">&#8211; <\/span><\/span><span class=\"s3\"><span class=\"bumpedFont17\">Fundamento:<\/span><\/span> <span class=\"s3\"><span class=\"bumpedFont17\">Inexigibilidade<\/span><\/span> <span class=\"s3\"><span class=\"bumpedFont17\">n\u00ba <\/span><\/span><span class=\"s3\"><span class=\"bumpedFont17\">0<\/span><\/span><span class=\"s3\"><span class=\"bumpedFont17\">18<\/span><\/span><span class=\"s3\"><span class=\"bumpedFont17\">\/<\/span><\/span><span class=\"s3\"><span class=\"bumpedFont17\">2024<\/span><\/span> <span class=\"s3\"><span class=\"bumpedFont17\">&#8211; <\/span><\/span><span class=\"s3\"><span class=\"bumpedFont17\">Valor Global: <\/span><\/span><span class=\"s3\"><span class=\"bumpedFont17\">R$<\/span><\/span> <span class=\"s3\"><span class=\"bumpedFont17\">15<\/span><\/span><span class=\"s3\"><span class=\"bumpedFont17\">.000,00<\/span><\/span><span class=\"s3\"><span class=\"bumpedFont17\">&#8211; <\/span><\/span><span class=\"s3\"><span class=\"bumpedFont17\">Vig\u00eancia: <\/span><\/span><span class=\"s3\"><span class=\"bumpedFont17\">01\/01\/2025<\/span><\/span> <span class=\"s3\"><span class=\"bumpedFont17\">&#8211; <\/span><\/span><span class=\"s3\"><span class=\"bumpedFont17\">Dot<\/span><\/span><span class=\"s3\"><span class=\"bumpedFont17\">or\u00e7:<\/span><\/span><span class=\"s3\"><span class=\"bumpedFont17\">02.016.000.13.392.0015.2078.339039.00\/150<\/span><\/span> <span class=\"s3\"><span class=\"bumpedFont17\">&#8211; <\/span><\/span><span class=\"s3\"><span class=\"bumpedFont17\">Ass<\/span><\/span><span class=\"s3\"><span class=\"bumpedFont17\">:<\/span><\/span> <span class=\"s3\"><span class=\"bumpedFont17\">2<\/span><\/span><span class=\"s3\"><span class=\"bumpedFont17\">2<\/span><\/span><span class=\"s3\"><span class=\"bumpedFont17\">\/11\/<\/span><\/span><span class=\"s3\"><span class=\"bumpedFont17\">2024<\/span><\/span> <span class=\"s3\"><span class=\"bumpedFont17\">&#8211; Foro: S\u00e3o Jo\u00e3o Nepomuceno\/MG.<\/span><\/span><\/p>\n<p class=\"s4\">\n<p class=\"s4\">\n<p class=\"s4\">\n<p class=\"s4\">\n<p class=\"s2\">\n<p class=\"s2\"><span class=\"s3\"><span class=\"bumpedFont17\">Marcos de Ara\u00fajo Lima<\/span><\/span><\/p>\n<p class=\"s2\"><span class=\"s3\"><span class=\"bumpedFont17\">Prefeito <\/span><\/span><span class=\"s3\"><span class=\"bumpedFont17\">Municipal<\/span><\/span><\/p>\n","protected":false},"excerpt":{"rendered":"<p>EXTRATO DE CONTRATO 086-2024 Pref. Municipal de Descoberto x Marcio Alexandre Dumbrosck Luzes &#8211; ME &#8211; Objeto: Contrata\u00e7\u00e3o da apresenta\u00e7\u00e3o art\u00edstica da dupla ALAN &amp; ALISSON, na Pra\u00e7a Caboclo Teixeira de Descoberto\/MG no dia 31 de dezembro de 2024 no Reveillon 2025 &#8211; Fundamento: Inexigibilidade n\u00ba 018\/2024 &#8211; Valor Global: R$ 15.000,00&#8211; Vig\u00eancia: 01\/01\/2025 &#8211; [&hellip;]<\/p>\n","protected":false},"author":246,"featured_media":0,"comment_status":"closed","ping_status":"closed","sticky":false,"template":"","format":"standard","meta":{"footnotes":""},"categories":[307],"tags":[],"class_list":["post-225526","post","type-post","status-publish","format-standard","hentry","category-editais"],"_links":{"self":[{"href":"https:\/\/diarioregionaldigital.com.br\/index.php?rest_route=\/wp\/v2\/posts\/225526","targetHints":{"allow":["GET"]}}],"collection":[{"href":"https:\/\/diarioregionaldigital.com.br\/index.php?rest_route=\/wp\/v2\/posts"}],"about":[{"href":"https:\/\/diarioregionaldigital.com.br\/index.php?rest_route=\/wp\/v2\/types\/post"}],"author":[{"embeddable":true,"href":"https:\/\/diarioregionaldigital.com.br\/index.php?rest_route=\/wp\/v2\/users\/246"}],"replies":[{"embeddable":true,"href":"https:\/\/diarioregionaldigital.com.br\/index.php?rest_route=%2Fwp%2Fv2%2Fcomments&post=225526"}],"version-history":[{"count":1,"href":"https:\/\/diarioregionaldigital.com.br\/index.php?rest_route=\/wp\/v2\/posts\/225526\/revisions"}],"predecessor-version":[{"id":225527,"href":"https:\/\/diarioregionaldigital.com.br\/index.php?rest_route=\/wp\/v2\/posts\/225526\/revisions\/225527"}],"wp:attachment":[{"href":"https:\/\/diarioregionaldigital.com.br\/index.php?rest_route=%2Fwp%2Fv2%2Fmedia&parent=225526"}],"wp:term":[{"taxonomy":"category","embeddable":true,"href":"https:\/\/diarioregionaldigital.com.br\/index.php?rest_route=%2Fwp%2Fv2%2Fcategories&post=225526"},{"taxonomy":"post_tag","embeddable":true,"href":"https:\/\/diarioregionaldigital.com.br\/index.php?rest_route=%2Fwp%2Fv2%2Ftags&post=225526"}],"curies":[{"name":"wp","href":"https:\/\/api.w.org\/{rel}","templated":true}]}}