{"id":225520,"date":"2024-11-21T20:12:26","date_gmt":"2024-11-21T23:12:26","guid":{"rendered":"https:\/\/diarioregionaldigital.com.br\/?p=225520"},"modified":"2024-11-21T20:12:26","modified_gmt":"2024-11-21T23:12:26","slug":"novembro-negro-teatro-paschoal-carlos-magno-recebe-espetaculo-inspirado-em-machado-de-assis","status":"publish","type":"post","link":"https:\/\/diarioregionaldigital.com.br\/?p=225520","title":{"rendered":"Novembro Negro: Teatro Paschoal Carlos Magno recebe espet\u00e1culo inspirado em Machado de Assis"},"content":{"rendered":"<p>Segundo informa\u00e7\u00f5es do site da Prefeitura de Juiz de Fora (PJF), o\u00a0Teatro Paschoal Carlos Magno, localizado na Rua Gilberto de Alencar, atr\u00e1s da Igreja S\u00e3o Sebasti\u00e3o, Centro, recebe a pr\u00e9-estreia do espet\u00e1culo &#8220;Um Homem C\u00e9lebre&#8221;, da Companhia de Teatro Trupe Qualquer, de Juiz de Fora. Dentro da programa\u00e7\u00e3o do Novembro Negro, o espet\u00e1culo dirigido pelo dramaturgo Rafael Coutinho, explora temas como identidade, arte brasileira, sucesso, fracasso e contradi\u00e7\u00f5es humanas presentes na obra de Machado de Assis. A montagem ser\u00e1 encenada neste fim de semana, dias 23 e 24 de novembro, s\u00e1bado e domingo, \u00e0s 20h. A entrada \u00e9 gratuita, por\u00e9m com ingressos limitados.<\/p>\n<p>&#8220;Um Homem C\u00e9lebre&#8221; conta a hist\u00f3ria de um ator que, ao n\u00e3o se reconhecer no espelho, ata sua vida \u00e0 de Pestana, m\u00fasico do teatro, celebrado por suas pol\u00eamicas e suposto pacto com o Diabo. &#8220;Escrever a partir de Machado de Assis \u00e9 um desafio. Para criar algo novo a partir de seus contos, contei com a supervis\u00e3o de Pedro Kosovski, diretor e dramaturgo no Rio de Janeiro e vencedor do Pr\u00eamio Shell.&#8221;, afirma Rafael Coutinho. O espet\u00e1culo conta com uma banda ao vivo liderada por Jeann Cavallari, ator e estudante de m\u00fasica da UFJF. &#8220;O desafio foi traduzir a polca para os dias de hoje&#8221;, completa.<\/p>\n<p>A Trupe Qualquer possui linguagem art\u00edstica baseada no teatro popular e nos entrela\u00e7amentos entre teatro, literatura e m\u00fasica. &#8220;Um Homem C\u00e9lebre&#8221; \u00e9 o primeiro espet\u00e1culo para o p\u00fablico adulto, ap\u00f3s o sucesso de &#8220;Caf\u00e9 com Leite&#8221;, destinado \u00e0s crian\u00e7as. O espet\u00e1culo tem financiamento dos editais Quilombagens, do Programa Cultural Murilo Mendes, mantido pela Prefeitura de Juiz de Fora e gerido pela Funalfa, e da Lei Paulo Gustavo. A entrada \u00e9 gratuita, por\u00e9m com ingressos limitados.<\/p>\n<p>&nbsp;<\/p>\n<p><strong>Ficha t\u00e9cnica<\/strong><\/p>\n<p>&nbsp;<\/p>\n<p>Texto e Dire\u00e7\u00e3o: Rafael Coutinho<\/p>\n<p>Supervis\u00e3o: Pedro Kosovski<\/p>\n<p>Elenco: Beatriz Lira, Christiam Concolato, Giovanna Stehling, Jeann Cavallari e Thiago Andrade.<\/p>\n<p>Banda: Caio Ferreira, Raquel Souza e Wendy Ferreira.<\/p>\n<p>Trilha Sonora: Jeann Cavallari<\/p>\n<p>Cenografia: Christiam Concolato<\/p>\n<p>Maquiagem e Cabelo: Giovanna Stehling<\/p>\n<p>Figurino: Andr\u00e9 Monteiro<\/p>\n<p>Ilumina\u00e7\u00e3o: Rafael Coutinho<\/p>\n<p>Designer e Identidade: Renan Torres<\/p>\n<p>Coreografia: Felipe Noselhi<\/p>\n<p>Fotografia: Marcella Calixto<\/p>\n<p>Supervis\u00e3o de cenografia: Fernanda de Souza<\/p>\n<p>Agradecimentos: Lisandra Dantas, Hel\u00f4 Amorim, Centro Cultural Bernardo<\/p>\n<p>Mascarenhas<\/p>\n<p>&nbsp;<\/p>\n","protected":false},"excerpt":{"rendered":"<p>Segundo informa\u00e7\u00f5es do site da Prefeitura de Juiz de Fora (PJF), o\u00a0Teatro Paschoal Carlos Magno, localizado na Rua Gilberto de Alencar, atr\u00e1s da Igreja S\u00e3o Sebasti\u00e3o, Centro, recebe a pr\u00e9-estreia do espet\u00e1culo &#8220;Um Homem C\u00e9lebre&#8221;, da Companhia de Teatro Trupe Qualquer, de Juiz de Fora. Dentro da programa\u00e7\u00e3o do Novembro Negro, o espet\u00e1culo dirigido pelo [&hellip;]<\/p>\n","protected":false},"author":246,"featured_media":225521,"comment_status":"closed","ping_status":"closed","sticky":false,"template":"","format":"standard","meta":{"footnotes":""},"categories":[253,436,439],"tags":[],"class_list":["post-225520","post","type-post","status-publish","format-standard","has-post-thumbnail","hentry","category-cidade","category-destaque-da-semana","category-ultima-hora"],"_links":{"self":[{"href":"https:\/\/diarioregionaldigital.com.br\/index.php?rest_route=\/wp\/v2\/posts\/225520","targetHints":{"allow":["GET"]}}],"collection":[{"href":"https:\/\/diarioregionaldigital.com.br\/index.php?rest_route=\/wp\/v2\/posts"}],"about":[{"href":"https:\/\/diarioregionaldigital.com.br\/index.php?rest_route=\/wp\/v2\/types\/post"}],"author":[{"embeddable":true,"href":"https:\/\/diarioregionaldigital.com.br\/index.php?rest_route=\/wp\/v2\/users\/246"}],"replies":[{"embeddable":true,"href":"https:\/\/diarioregionaldigital.com.br\/index.php?rest_route=%2Fwp%2Fv2%2Fcomments&post=225520"}],"version-history":[{"count":1,"href":"https:\/\/diarioregionaldigital.com.br\/index.php?rest_route=\/wp\/v2\/posts\/225520\/revisions"}],"predecessor-version":[{"id":225522,"href":"https:\/\/diarioregionaldigital.com.br\/index.php?rest_route=\/wp\/v2\/posts\/225520\/revisions\/225522"}],"wp:featuredmedia":[{"embeddable":true,"href":"https:\/\/diarioregionaldigital.com.br\/index.php?rest_route=\/wp\/v2\/media\/225521"}],"wp:attachment":[{"href":"https:\/\/diarioregionaldigital.com.br\/index.php?rest_route=%2Fwp%2Fv2%2Fmedia&parent=225520"}],"wp:term":[{"taxonomy":"category","embeddable":true,"href":"https:\/\/diarioregionaldigital.com.br\/index.php?rest_route=%2Fwp%2Fv2%2Fcategories&post=225520"},{"taxonomy":"post_tag","embeddable":true,"href":"https:\/\/diarioregionaldigital.com.br\/index.php?rest_route=%2Fwp%2Fv2%2Ftags&post=225520"}],"curies":[{"name":"wp","href":"https:\/\/api.w.org\/{rel}","templated":true}]}}