{"id":225517,"date":"2024-11-21T20:11:37","date_gmt":"2024-11-21T23:11:37","guid":{"rendered":"https:\/\/diarioregionaldigital.com.br\/?p=225517"},"modified":"2024-11-21T20:11:37","modified_gmt":"2024-11-21T23:11:37","slug":"brilha-ufjf-pjf-inicia-implantacao-de-luminarias-led-no-anel-viario-da-ufjf","status":"publish","type":"post","link":"https:\/\/diarioregionaldigital.com.br\/?p=225517","title":{"rendered":"Brilha, UFJF! PJF inicia implanta\u00e7\u00e3o de lumin\u00e1rias LED no Anel Vi\u00e1rio da UFJF"},"content":{"rendered":"<p>Segundo informa\u00e7\u00f5es do site da Prefeitura de Juiz de Fora (PJF), mais um importante local da cidade passa a contar com a ilumina\u00e7\u00e3o LED. A Prefeitura de Juiz de Fora (PJF) iniciou a instala\u00e7\u00e3o das novas lumin\u00e1rias, que s\u00e3o ainda mais eficientes e econ\u00f4micas, no trecho do Anel Vi\u00e1rio da Universidade Federal de Juiz de Fora (UFJF).<br \/>\nO servi\u00e7o \u00e9 realizado por equipes do Departamento de Ilumina\u00e7\u00e3o P\u00fablica da Empresa Municipal de Pavimenta\u00e7\u00e3o e Urbanidades (Empav), e a previs\u00e3o \u00e9 que a substitui\u00e7\u00e3o das cerca de\u00a0173\u00a0lumin\u00e1rias seja conclu\u00edda at\u00e9 a pr\u00f3xima semana.<br \/>\nA a\u00e7\u00e3o faz parte do Brilha JF!, programa que realizou o maior investimento em ilumina\u00e7\u00e3o p\u00fablica da hist\u00f3ria da cidade, com a implanta\u00e7\u00e3o de quase 50 mil lumin\u00e1rias LED. Agora, a manuten\u00e7\u00e3o de toda a ilumina\u00e7\u00e3o p\u00fablica do campus da UFJF passa a ser realizada pela Empav.<br \/>\nVale lembrar que todos os trabalhos de zeladoria do munic\u00edpio fazem parte do Programa Boniteza. A programa\u00e7\u00e3o completa das atividades realizadas pela PJF pode ser consultada atrav\u00e9s da p\u00e1gina do Gabinete, pelo<a href=\"https:\/\/www.pjf.mg.gov.br\/gabinetecomunitario\/#onde\" target=\"_blank\" rel=\"noopener\">\u00a0link<\/a>.<\/p>\n","protected":false},"excerpt":{"rendered":"<p>Segundo informa\u00e7\u00f5es do site da Prefeitura de Juiz de Fora (PJF), mais um importante local da cidade passa a contar com a ilumina\u00e7\u00e3o LED. A Prefeitura de Juiz de Fora (PJF) iniciou a instala\u00e7\u00e3o das novas lumin\u00e1rias, que s\u00e3o ainda mais eficientes e econ\u00f4micas, no trecho do Anel Vi\u00e1rio da Universidade Federal de Juiz de [&hellip;]<\/p>\n","protected":false},"author":246,"featured_media":225518,"comment_status":"closed","ping_status":"closed","sticky":false,"template":"","format":"standard","meta":{"footnotes":""},"categories":[253,436,440,439],"tags":[],"class_list":["post-225517","post","type-post","status-publish","format-standard","has-post-thumbnail","hentry","category-cidade","category-destaque-da-semana","category-destaques-do-dia","category-ultima-hora"],"_links":{"self":[{"href":"https:\/\/diarioregionaldigital.com.br\/index.php?rest_route=\/wp\/v2\/posts\/225517","targetHints":{"allow":["GET"]}}],"collection":[{"href":"https:\/\/diarioregionaldigital.com.br\/index.php?rest_route=\/wp\/v2\/posts"}],"about":[{"href":"https:\/\/diarioregionaldigital.com.br\/index.php?rest_route=\/wp\/v2\/types\/post"}],"author":[{"embeddable":true,"href":"https:\/\/diarioregionaldigital.com.br\/index.php?rest_route=\/wp\/v2\/users\/246"}],"replies":[{"embeddable":true,"href":"https:\/\/diarioregionaldigital.com.br\/index.php?rest_route=%2Fwp%2Fv2%2Fcomments&post=225517"}],"version-history":[{"count":1,"href":"https:\/\/diarioregionaldigital.com.br\/index.php?rest_route=\/wp\/v2\/posts\/225517\/revisions"}],"predecessor-version":[{"id":225519,"href":"https:\/\/diarioregionaldigital.com.br\/index.php?rest_route=\/wp\/v2\/posts\/225517\/revisions\/225519"}],"wp:featuredmedia":[{"embeddable":true,"href":"https:\/\/diarioregionaldigital.com.br\/index.php?rest_route=\/wp\/v2\/media\/225518"}],"wp:attachment":[{"href":"https:\/\/diarioregionaldigital.com.br\/index.php?rest_route=%2Fwp%2Fv2%2Fmedia&parent=225517"}],"wp:term":[{"taxonomy":"category","embeddable":true,"href":"https:\/\/diarioregionaldigital.com.br\/index.php?rest_route=%2Fwp%2Fv2%2Fcategories&post=225517"},{"taxonomy":"post_tag","embeddable":true,"href":"https:\/\/diarioregionaldigital.com.br\/index.php?rest_route=%2Fwp%2Fv2%2Ftags&post=225517"}],"curies":[{"name":"wp","href":"https:\/\/api.w.org\/{rel}","templated":true}]}}