{"id":225514,"date":"2024-11-21T20:09:56","date_gmt":"2024-11-21T23:09:56","guid":{"rendered":"https:\/\/diarioregionaldigital.com.br\/?p=225514"},"modified":"2024-11-21T20:09:56","modified_gmt":"2024-11-21T23:09:56","slug":"brasil-vai-a-final-do-sul-americano-de-beisebol-apos-10-a-0-no-chile","status":"publish","type":"post","link":"https:\/\/diarioregionaldigital.com.br\/?p=225514","title":{"rendered":"Brasil vai \u00e0 final do Sul-Americano de Beisebol ap\u00f3s 10 a 0 no Chile"},"content":{"rendered":"<p>A sele\u00e7\u00e3o brasileira de beisebol est\u00e1 apenas a uma vit\u00f3ria de garantir o bicampeonato no Sul-Americano de Beisebol em Lima (Peru), a primeira competi\u00e7\u00e3o do ciclo ol\u00edmpico para os Jogos de Los Angeles 2028.\u00a0Nesta quinta-feira (21), na semifinal, o time comandado pelo t\u00e9cnico Ramon Ito aplicou 10 a 0 no Chile. A decis\u00e3o do t\u00edtulo ser\u00e1 no s\u00e1bado (23), \u00e0s 17h (hor\u00e1rio de Bras\u00edlia), no complexo Esportivo Andr\u00e9s Avelino C\u00e1ceres, em Villa Mar\u00eda del Triunfo, na capital peruana. O advers\u00e1rio do Brasil ser\u00e1 o\u00a0vencedor da outra semi (Argentina x Peru). A final continental ter\u00e1 t<a href=\"https:\/\/www.youtube.com\/@federaciondeportivaperuana6688\/streams\"><strong>ransmiss\u00e3o ao vivo\u00a0<\/strong><\/a>no canal da Federa\u00e7\u00e3o Desportiva Peruana de Beisebol (FDPB).<img decoding=\"async\" src=\"https:\/\/agenciabrasil.ebc.com.br\/ebc.png?id=1620911&amp;o=node\" \/><img decoding=\"async\" src=\"https:\/\/agenciabrasil.ebc.com.br\/ebc.gif?id=1620911&amp;o=node\" \/><\/p>\n<p>O Brasil concluiu a fase classificat\u00f3ria em segundo lugar, atr\u00e1s da Argentina, invicta no torneio. Na sequ\u00eancia ficaram Chile (3\u00ba), Peru (4\u00ba) e Equador (5\u00ba). \u00a0Oito dos 24 convocados pelo t\u00e9cnico Ramon Into, contemplado com o Pr\u00eamio Brasil Ol\u00edmpico no ano passado, integravam a\u00a0<a href=\"https:\/\/agenciabrasil.ebc.com.br\/radioagencia-nacional\/esportes\/audio\/2023-10\/jogos-panamericanos-2023-brasil-conquista-prata-inedita-no-beisebol\"><strong>equipe brasileira vice-campe\u00e3 nos Jogos Pan-Americanos de Santiago (Chile)\u00a0<\/strong><\/a>no ano passado. Entre eles, Victor Coutinho, que atuou estar tarde como defensor de campo externo (outfielder).<\/p>\n<blockquote><p>\u201cHoje foi um jogo muito importante para a gente. A equipe jogou com for\u00e7a e conseguimos sair com a vit\u00f3ria\u201d, disse Victor, em depoimento \u00e0 FDPB.<\/p><\/blockquote>\n<p>Na final no s\u00e1bado (23), o Brasil pode reencontrar a Argentina, que impingiu a \u00fanica derrota \u00e0 sele\u00e7\u00e3o brasileira (2 a 0) na estreia da fase classificat\u00f3ria. Um poss\u00edvel novo embate\u00a0contra os vizinhos\u00a0<em>hermanos\u00a0<\/em>n\u00e3o vai alterar a postura do Brasil em campo, garante Victor Coutinho.<\/p>\n<blockquote><p>\u201cO beisebol \u00e9 um jogo dif\u00edcil, temos equipe para jogar de igual para igual\u201d, disse o defensor.<\/p><\/blockquote>\n<p>Diferentemente da edi\u00e7\u00e3o anterior do Sul-Americano, cujo vencedor assegurou vaga para o Pan de Santiago, esta edi\u00e7\u00e3o do torneio em Lima n\u00e3o classifica a nenhuma outra competi\u00e7\u00e3o. No entanto, garante pontos para o Brasil no ranking mundial, fundamentais para pavimentar a classifica\u00e7\u00e3o ol\u00edmpica. O beisebol \u00e9 uma das novas modalidades inclu\u00eddas no programa ol\u00edmpico a partir de 2028\u00a0&#8211; as demais s\u00e3o softbal (vers\u00e3o feminina do beisebol),\u00a0cr\u00edquete, flag football, lacrosse e squash.<\/p>\n<p>O pr\u00f3ximo compromisso da sele\u00e7\u00e3o ser\u00e1 em mar\u00e7o\u00a0de 2025, quando ocorrem\u00a0as eliminat\u00f3rias para eliminat\u00f3rias para o Wordl Baseball Classsic (WBC), o equivalente \u00e0 Copa do Mundo da modalidade.<\/p>\n<h2>Resultados &#8211; fase classificat\u00f3ria<\/h2>\n<p>17\/11 &#8211; Brasil 0 x 2 Argentina<\/p>\n<p>18\/11 &#8211; Brasil 10 x 0 Chile<\/p>\n<p>19\/11 &#8211; Brasil 11 x 1 Peru<\/p>\n<p>20\/11 &#8211; Brasil 6 x 3 Equador<\/p>\n<p>Fonte: Ag\u00eancia Brasil<\/p>\n","protected":false},"excerpt":{"rendered":"<p>A sele\u00e7\u00e3o brasileira de beisebol est\u00e1 apenas a uma vit\u00f3ria de garantir o bicampeonato no Sul-Americano de Beisebol em Lima (Peru), a primeira competi\u00e7\u00e3o do ciclo ol\u00edmpico para os Jogos de Los Angeles 2028.\u00a0Nesta quinta-feira (21), na semifinal, o time comandado pelo t\u00e9cnico Ramon Ito aplicou 10 a 0 no Chile. A decis\u00e3o do t\u00edtulo [&hellip;]<\/p>\n","protected":false},"author":246,"featured_media":225515,"comment_status":"closed","ping_status":"closed","sticky":false,"template":"","format":"standard","meta":{"footnotes":""},"categories":[436,440,257,439],"tags":[],"class_list":["post-225514","post","type-post","status-publish","format-standard","has-post-thumbnail","hentry","category-destaque-da-semana","category-destaques-do-dia","category-esporte","category-ultima-hora"],"_links":{"self":[{"href":"https:\/\/diarioregionaldigital.com.br\/index.php?rest_route=\/wp\/v2\/posts\/225514","targetHints":{"allow":["GET"]}}],"collection":[{"href":"https:\/\/diarioregionaldigital.com.br\/index.php?rest_route=\/wp\/v2\/posts"}],"about":[{"href":"https:\/\/diarioregionaldigital.com.br\/index.php?rest_route=\/wp\/v2\/types\/post"}],"author":[{"embeddable":true,"href":"https:\/\/diarioregionaldigital.com.br\/index.php?rest_route=\/wp\/v2\/users\/246"}],"replies":[{"embeddable":true,"href":"https:\/\/diarioregionaldigital.com.br\/index.php?rest_route=%2Fwp%2Fv2%2Fcomments&post=225514"}],"version-history":[{"count":1,"href":"https:\/\/diarioregionaldigital.com.br\/index.php?rest_route=\/wp\/v2\/posts\/225514\/revisions"}],"predecessor-version":[{"id":225516,"href":"https:\/\/diarioregionaldigital.com.br\/index.php?rest_route=\/wp\/v2\/posts\/225514\/revisions\/225516"}],"wp:featuredmedia":[{"embeddable":true,"href":"https:\/\/diarioregionaldigital.com.br\/index.php?rest_route=\/wp\/v2\/media\/225515"}],"wp:attachment":[{"href":"https:\/\/diarioregionaldigital.com.br\/index.php?rest_route=%2Fwp%2Fv2%2Fmedia&parent=225514"}],"wp:term":[{"taxonomy":"category","embeddable":true,"href":"https:\/\/diarioregionaldigital.com.br\/index.php?rest_route=%2Fwp%2Fv2%2Fcategories&post=225514"},{"taxonomy":"post_tag","embeddable":true,"href":"https:\/\/diarioregionaldigital.com.br\/index.php?rest_route=%2Fwp%2Fv2%2Ftags&post=225514"}],"curies":[{"name":"wp","href":"https:\/\/api.w.org\/{rel}","templated":true}]}}