{"id":225511,"date":"2024-11-21T20:08:31","date_gmt":"2024-11-21T23:08:31","guid":{"rendered":"https:\/\/diarioregionaldigital.com.br\/?p=225511"},"modified":"2024-11-21T20:08:31","modified_gmt":"2024-11-21T23:08:31","slug":"stf-prorroga-para-2025-prazo-de-conciliacao-sobre-marco-temporal","status":"publish","type":"post","link":"https:\/\/diarioregionaldigital.com.br\/?p=225511","title":{"rendered":"STF prorroga para 2025 prazo de concilia\u00e7\u00e3o sobre marco temporal"},"content":{"rendered":"<p>O ministro Gilmar Mendes, do Supremo Tribunal Federal (STF), decidiu prorrogar os trabalhos da\u00a0<a href=\"http:\/\/agenciabrasil.ebc.com.br\/justica\/noticia\/2024-08\/stf-faz-primeira-audiencia-de-conciliacao-sobre-marco-temporal\">audi\u00eancia de concilia\u00e7\u00e3o<\/a>\u00a0sobre o marco temporal para demarca\u00e7\u00e3o de terras ind\u00edgenas para 28 de fevereiro de 2025. As reuni\u00f5es estavam previstas para terminar em 18 de dezembro.<img decoding=\"async\" src=\"https:\/\/agenciabrasil.ebc.com.br\/ebc.png?id=1620902&amp;o=node\" \/><img decoding=\"async\" src=\"https:\/\/agenciabrasil.ebc.com.br\/ebc.gif?id=1620902&amp;o=node\" \/><\/p>\n<p>Em agosto deste ano, a Articula\u00e7\u00e3o dos Povos Ind\u00edgenas (Apib), principal entidade que atua na defesa dos ind\u00edgenas,\u00a0<a href=\"http:\/\/agenciabrasil.ebc.com.br\/justica\/noticia\/2024-09\/stf-prossegue-com-conciliacao-do-marco-temporal-apos-saida-da-apib\">se retirou da concilia\u00e7\u00e3o<\/a>. A entidade entendeu que os direitos dos ind\u00edgenas s\u00e3o inegoci\u00e1veis e n\u00e3o h\u00e1 paridade no debate. No ano passado, o plen\u00e1rio do Supremo decidiu a favor dos ind\u00edgenas e considerou o marco inconstitucional.<\/p>\n<p>Ap\u00f3s a Apib deixar a concilia\u00e7\u00e3o, Mendes decidiu manter os debates mesmo sem a presen\u00e7a dos ind\u00edgenas. Segundo o ministro,\u00a0 &#8220;nenhuma parte envolvida na discuss\u00e3o pode paralisar o andamento dos trabalhos&#8221;.<\/p>\n<p>Pela tese do marco temporal, os ind\u00edgenas somente t\u00eam direito \u00e0s terras que estavam em sua posse no dia 5 de outubro de 1988, data da promulga\u00e7\u00e3o da Constitui\u00e7\u00e3o Federal, ou que estavam em disputa judicial na \u00e9poca.<\/p>\n<h2>Concilia\u00e7\u00e3o<\/h2>\n<p>A audi\u00eancia foi convocada pelo ministro Gilmar Mendes, relator das a\u00e7\u00f5es protocoladas pelo PL, o PP e o Republicanos para manter a validade do projeto de lei que reconheceu o marco e de processos nos quais entidades que representam os ind\u00edgenas e partidos governistas contestam a constitucionalidade da tese.<\/p>\n<p>Al\u00e9m de levar o caso para concilia\u00e7\u00e3o, Mendes negou pedido de entidades para suspender a delibera\u00e7\u00e3o do Congresso que validou o marco, decis\u00e3o que desagradou os ind\u00edgenas. As reuni\u00f5es estavam previstas para seguir at\u00e9 18 de dezembro deste ano.<\/p>\n<p>Na pr\u00e1tica, a realiza\u00e7\u00e3o da audi\u00eancia impede a nova decis\u00e3o da Corte sobre a quest\u00e3o e permite que o Congresso ganhe tempo para aprovar uma Proposta de Emenda Constitucional (PEC) para confirmar a tese do marco na Constitui\u00e7\u00e3o.<\/p>\n<p>Em dezembro do ano passado, o Congresso Nacional derrubou o veto do presidente Luiz In\u00e1cio Lula da Silva ao projeto de lei que validou o marco. Em setembro, antes da decis\u00e3o dos parlamentares, o Supremo decidiu contra o marco. A decis\u00e3o da Corte foi levada em conta pela equipe jur\u00eddica do Pal\u00e1cio do Planalto para justificar o veto presidencial.<\/p>\n<p>Fonte: Ag\u00eancia Brasil<\/p>\n","protected":false},"excerpt":{"rendered":"<p>O ministro Gilmar Mendes, do Supremo Tribunal Federal (STF), decidiu prorrogar os trabalhos da\u00a0audi\u00eancia de concilia\u00e7\u00e3o\u00a0sobre o marco temporal para demarca\u00e7\u00e3o de terras ind\u00edgenas para 28 de fevereiro de 2025. As reuni\u00f5es estavam previstas para terminar em 18 de dezembro. Em agosto deste ano, a Articula\u00e7\u00e3o dos Povos Ind\u00edgenas (Apib), principal entidade que atua na [&hellip;]<\/p>\n","protected":false},"author":246,"featured_media":225512,"comment_status":"closed","ping_status":"closed","sticky":false,"template":"","format":"standard","meta":{"footnotes":""},"categories":[436,261,254,439],"tags":[],"class_list":["post-225511","post","type-post","status-publish","format-standard","has-post-thumbnail","hentry","category-destaque-da-semana","category-economia","category-politica","category-ultima-hora"],"_links":{"self":[{"href":"https:\/\/diarioregionaldigital.com.br\/index.php?rest_route=\/wp\/v2\/posts\/225511","targetHints":{"allow":["GET"]}}],"collection":[{"href":"https:\/\/diarioregionaldigital.com.br\/index.php?rest_route=\/wp\/v2\/posts"}],"about":[{"href":"https:\/\/diarioregionaldigital.com.br\/index.php?rest_route=\/wp\/v2\/types\/post"}],"author":[{"embeddable":true,"href":"https:\/\/diarioregionaldigital.com.br\/index.php?rest_route=\/wp\/v2\/users\/246"}],"replies":[{"embeddable":true,"href":"https:\/\/diarioregionaldigital.com.br\/index.php?rest_route=%2Fwp%2Fv2%2Fcomments&post=225511"}],"version-history":[{"count":1,"href":"https:\/\/diarioregionaldigital.com.br\/index.php?rest_route=\/wp\/v2\/posts\/225511\/revisions"}],"predecessor-version":[{"id":225513,"href":"https:\/\/diarioregionaldigital.com.br\/index.php?rest_route=\/wp\/v2\/posts\/225511\/revisions\/225513"}],"wp:featuredmedia":[{"embeddable":true,"href":"https:\/\/diarioregionaldigital.com.br\/index.php?rest_route=\/wp\/v2\/media\/225512"}],"wp:attachment":[{"href":"https:\/\/diarioregionaldigital.com.br\/index.php?rest_route=%2Fwp%2Fv2%2Fmedia&parent=225511"}],"wp:term":[{"taxonomy":"category","embeddable":true,"href":"https:\/\/diarioregionaldigital.com.br\/index.php?rest_route=%2Fwp%2Fv2%2Fcategories&post=225511"},{"taxonomy":"post_tag","embeddable":true,"href":"https:\/\/diarioregionaldigital.com.br\/index.php?rest_route=%2Fwp%2Fv2%2Ftags&post=225511"}],"curies":[{"name":"wp","href":"https:\/\/api.w.org\/{rel}","templated":true}]}}