{"id":225480,"date":"2024-11-19T19:44:21","date_gmt":"2024-11-19T22:44:21","guid":{"rendered":"https:\/\/diarioregionaldigital.com.br\/?p=225480"},"modified":"2024-11-19T19:44:21","modified_gmt":"2024-11-19T22:44:21","slug":"governo-de-minas-atrai-investimento-de-r-350-milhoes-de-grupo-noruegues-no-norte-de-minas","status":"publish","type":"post","link":"https:\/\/diarioregionaldigital.com.br\/?p=225480","title":{"rendered":"Governo de Minas atrai investimento de R$ 350 milh\u00f5es de grupo noruegu\u00eas no Norte de Minas"},"content":{"rendered":"<p><main class=\"clear margin-md-bottom-3\"><\/p>\n<div class=\"clear \">\n<p>O\u00a0<a href=\"http:\/\/www.mg.gov.br\/\" target=\"_blank\" rel=\"noopener\">Governo de Minas<\/a>, por meio da\u00a0<a href=\"http:\/\/www.desenvolvimento.mg.gov.br\/\" target=\"_blank\" rel=\"noopener\">Secretaria de Estado de Desenvolvimento Econ\u00f4mico (Sede-MG)<\/a>\u00a0e sua ag\u00eancia vinculada<a href=\"http:\/\/www.investminas.mg.gov.br\/\" target=\"_blank\" rel=\"noopener\">\u00a0Invest Minas<\/a>, garantiu, nesta ter\u00e7a-feira (19\/11), mais um investimento privado que impactar\u00e1 diretamente a vida dos mineiros, a economia do estado e o meio ambiente.<\/p>\n<p>A empresa norueguesa Scatec, especializada no desenvolvimento de m\u00faltiplas tecnologias renov\u00e1veis em economias emergentes, confirmou\u00a0um investimento m\u00ednimo de R$350 milh\u00f5es no munic\u00edpio de Pint\u00f3polis, localizado no Norte mineiro.<\/p>\n<p>Na reuni\u00e3o que marcou o an\u00fancio, o governador Romeu Zema destacou a import\u00e2ncia do investimento do setor energ\u00e9tico para o desenvolvimento do Norte do Estado. Ele\u00a0mencionou, ainda, as grandes obras de infraestrutura que est\u00e3o sendo realizadas pelo governo mineiro na regi\u00e3o de Pint\u00f3polis.<\/p>\n<table border=\"0\" cellspacing=\"1\" cellpadding=\"1\" align=\"center\">\n<tbody>\n<tr>\n<td colspan=\"5\"><img decoding=\"async\" src=\"https:\/\/www.agenciaminas.mg.gov.br\/ckeditor_assets\/pictures\/20949\/content_2_olho_topo.jpg\" alt=\"\" \/><\/td>\n<\/tr>\n<tr>\n<td><\/td>\n<td colspan=\"3\" rowspan=\"3\">\n<h1><strong>&#8220;Esta usina fotovoltaica vai injetar R$ 350 milh\u00f5es de investimentos na economia local, levando desenvolvimento e gerando energia limpa para a regi\u00e3o. \u00c9 importante lembrar tamb\u00e9m que a cidade de Pint\u00f3polis j\u00e1 est\u00e1 recebendo outra\u00a0s\u00e9rie\u00a0de benef\u00edcios da nossa gest\u00e3o, como a pavimenta\u00e7\u00e3o da rodovia Pint\u00f3polis-Urucuia e tamb\u00e9m a t\u00e3o sonhada constru\u00e7\u00e3o da ponte sobre o Rio S\u00e3o Francisco, que \u00e9 uma obra prometida h\u00e1 cerca de 70 anos&#8221;, enfatizou Romeu Zema.<\/strong><\/h1>\n<\/td>\n<td><\/td>\n<\/tr>\n<tr>\n<td><\/td>\n<td><\/td>\n<\/tr>\n<tr>\n<td><\/td>\n<td><\/td>\n<\/tr>\n<tr>\n<td colspan=\"5\"><img decoding=\"async\" src=\"https:\/\/www.agenciaminas.mg.gov.br\/ckeditor_assets\/pictures\/20950\/content_2_olho_inferior.jpg\" alt=\"\" \/><\/td>\n<\/tr>\n<\/tbody>\n<\/table>\n<p><strong>Investimento em energia renov\u00e1vel<\/strong><\/p>\n<p>A previs\u00e3o \u00e9 que as opera\u00e7\u00f5es comerciais da Scatec no Norte de Minas sejam iniciadas no fim de 2025, com a instala\u00e7\u00e3o de um parque de gera\u00e7\u00e3o de energia fotovoltaica capaz de produzir 105 MW (142 MWp).<\/p>\n<p>&#8220;Atualmente, Minas Gerais gera mais de 95% de sua energia a partir de fontes renov\u00e1veis. Esse marco destaca porque o estado lidera o processo de descarboniza\u00e7\u00e3o e transi\u00e7\u00e3o energ\u00e9tica. Hoje, a Scatec se tornou uma nova parceira nessa miss\u00e3o, gerando empregos e renda em nosso estado&#8221;, afirmou o secret\u00e1rio de Estado de Desenvolvimento Econ\u00f4mico, Fernando Passalio.<\/p>\n<p>O diretor-presidente da Invest Minas,\u00a0Jo\u00e3o Paulo Braga,\u00a0tamb\u00e9m enfatizou a\u00a0import\u00e2ncia das parcerias internacionais na constru\u00e7\u00e3o de uma matriz energ\u00e9tica diversificada.<\/p>\n<p>&#8220;A chegada da Scatec refor\u00e7a nosso compromisso com o desenvolvimento sustent\u00e1vel e a transi\u00e7\u00e3o para uma economia de baixo carbono. Minas tem grande potencial para atrair investimentos nessa \u00e1rea, combinando recursos naturais com um ambiente de neg\u00f3cios favor\u00e1vel e pol\u00edticas p\u00fablicas alinhadas \u00e0 sustentabilidade&#8221;, acrescentou.<\/p>\n<p><strong>Fortalecimento das Rela\u00e7\u00f5es<\/strong><\/p>\n<p>Al\u00e9m do an\u00fancio do investimento da Scatec, que deve gerar dez empregos diretos para a opera\u00e7\u00e3o e manuten\u00e7\u00e3o da usina solar, o encontro foi marcado pela assinatura de um Memorando de Entendimento (MoU) entre o Governo de Minas Gerais e a C\u00e2mara de Com\u00e9rcio Brasil-Noruega (BNCC). O objetivo do MoU \u00e9 fortalecer as rela\u00e7\u00f5es comerciais e empresariais entre Minas Gerais e a Noruega.<\/p>\n<p>A consolida\u00e7\u00e3o desta parceria faz parte de uma estrat\u00e9gia mais ampla para fortalecer os la\u00e7os entre Brasil e Noruega, particularmente com Minas Gerais, visando aumentar a visibilidade internacional do estado e intensificar seu relacionamento com o pa\u00eds n\u00f3rdico.<\/p>\n<p>&#8220;O governador Romeu Zema\u00a0sempre nos ensina e nos fala que a receita do sucesso \u00e9 quando o setor p\u00fablico e o setor privado d\u00e3o as m\u00e3os pensando na popula\u00e7\u00e3o para desenvolver o nosso estado. E \u00e9 essa\u00a0a nossa receita aqui: n\u00f3s acreditamos que o maior programa social que o governo pode fazer \u00e9 dar emprego e oportunidades&#8221;, ressaltou o secret\u00e1rio da\u00a0<a href=\"http:\/\/www.casacivil.mg.gov.br\/\" target=\"_blank\" rel=\"noopener\">Casa Civil<\/a>, Marcelo Aro.<\/p>\n<p><strong>Sobre a Empresa<\/strong><\/p>\n<p>A Scatec \u00e9 um grupo econ\u00f4mico noruegu\u00eas focado na produ\u00e7\u00e3o de energia renov\u00e1vel. A empresa atua no desenvolvimento, constru\u00e7\u00e3o e opera\u00e7\u00e3o de usinas solares, e\u00f3licas e hidrel\u00e9tricas, al\u00e9m de solu\u00e7\u00f5es para armazenamento de energia.<\/p>\n<p>Suas opera\u00e7\u00f5es est\u00e3o presentes no Brasil, com instala\u00e7\u00f5es em Quixer\u00e9 (Cear\u00e1) e Ass\u00fa (Rio Grande do Norte), al\u00e9m de diversos outros pa\u00edses, como \u00c1frica do Sul, Egito, Ucr\u00e2nia, Pol\u00f4nia, Tun\u00edsia e Filipinas, entre outros<\/p>\n<p>Foto: Ag\u00eancia Minas<\/p>\n<\/div>\n<p><\/main><\/p>\n","protected":false},"excerpt":{"rendered":"<p>O\u00a0Governo de Minas, por meio da\u00a0Secretaria de Estado de Desenvolvimento Econ\u00f4mico (Sede-MG)\u00a0e sua ag\u00eancia vinculada\u00a0Invest Minas, garantiu, nesta ter\u00e7a-feira (19\/11), mais um investimento privado que impactar\u00e1 diretamente a vida dos mineiros, a economia do estado e o meio ambiente. A empresa norueguesa Scatec, especializada no desenvolvimento de m\u00faltiplas tecnologias renov\u00e1veis em economias emergentes, confirmou\u00a0um investimento [&hellip;]<\/p>\n","protected":false},"author":246,"featured_media":225481,"comment_status":"closed","ping_status":"closed","sticky":false,"template":"","format":"standard","meta":{"footnotes":""},"categories":[436,440,261,254,252,439],"tags":[],"class_list":["post-225480","post","type-post","status-publish","format-standard","has-post-thumbnail","hentry","category-destaque-da-semana","category-destaques-do-dia","category-economia","category-politica","category-regiao","category-ultima-hora"],"_links":{"self":[{"href":"https:\/\/diarioregionaldigital.com.br\/index.php?rest_route=\/wp\/v2\/posts\/225480","targetHints":{"allow":["GET"]}}],"collection":[{"href":"https:\/\/diarioregionaldigital.com.br\/index.php?rest_route=\/wp\/v2\/posts"}],"about":[{"href":"https:\/\/diarioregionaldigital.com.br\/index.php?rest_route=\/wp\/v2\/types\/post"}],"author":[{"embeddable":true,"href":"https:\/\/diarioregionaldigital.com.br\/index.php?rest_route=\/wp\/v2\/users\/246"}],"replies":[{"embeddable":true,"href":"https:\/\/diarioregionaldigital.com.br\/index.php?rest_route=%2Fwp%2Fv2%2Fcomments&post=225480"}],"version-history":[{"count":1,"href":"https:\/\/diarioregionaldigital.com.br\/index.php?rest_route=\/wp\/v2\/posts\/225480\/revisions"}],"predecessor-version":[{"id":225482,"href":"https:\/\/diarioregionaldigital.com.br\/index.php?rest_route=\/wp\/v2\/posts\/225480\/revisions\/225482"}],"wp:featuredmedia":[{"embeddable":true,"href":"https:\/\/diarioregionaldigital.com.br\/index.php?rest_route=\/wp\/v2\/media\/225481"}],"wp:attachment":[{"href":"https:\/\/diarioregionaldigital.com.br\/index.php?rest_route=%2Fwp%2Fv2%2Fmedia&parent=225480"}],"wp:term":[{"taxonomy":"category","embeddable":true,"href":"https:\/\/diarioregionaldigital.com.br\/index.php?rest_route=%2Fwp%2Fv2%2Fcategories&post=225480"},{"taxonomy":"post_tag","embeddable":true,"href":"https:\/\/diarioregionaldigital.com.br\/index.php?rest_route=%2Fwp%2Fv2%2Ftags&post=225480"}],"curies":[{"name":"wp","href":"https:\/\/api.w.org\/{rel}","templated":true}]}}