{"id":225477,"date":"2024-11-18T21:30:38","date_gmt":"2024-11-19T00:30:38","guid":{"rendered":"https:\/\/diarioregionaldigital.com.br\/?p=225477"},"modified":"2024-11-18T21:30:38","modified_gmt":"2024-11-19T00:30:38","slug":"veja-como-fica-o-funcionamento-da-pjf-no-feriado-do-dia-da-consciencia-negra","status":"publish","type":"post","link":"https:\/\/diarioregionaldigital.com.br\/?p=225477","title":{"rendered":"Veja como fica o funcionamento da PJF no feriado do dia da Consci\u00eancia Negra"},"content":{"rendered":"<p>Segundo informa\u00e7\u00f5es do site da Prefeitura de Juiz de Fora (PJF), em fun\u00e7\u00e3o do feriado do Dia Nacional de Zumbi e da Consci\u00eancia Negra na quarta-feira, 20, os servi\u00e7os da Prefeitura de Juiz de Fora (PJF) ter\u00e3o altera\u00e7\u00f5es. Confira:<\/p>\n<div id=\"box_texto_noticia\">\n<p><strong>Companhia de Saneamento Municipal (Cesama)<\/strong>: A Cesama funciona em esquema de plant\u00e3o e os servi\u00e7os podem ser solicitados por meio do Cesama Atende, no n\u00famero 115, que funciona 24 horas.<\/p>\n<p><strong>Departamento Municipal de Limpeza Urbana (Demlurb):\u00a0<\/strong>Na quarta-feira, 20, n\u00e3o haver\u00e1 opera\u00e7\u00f5es de coleta domiciliar e seletiva e expediente nos ecopontos. O Departamento Municipal de Limpeza Urbana (Demlurb) pede a colabora\u00e7\u00e3o da popula\u00e7\u00e3o para que n\u00e3o descarte lixo neste dia. O Demlurb contar\u00e1 com equipes em regime de plant\u00e3o para poss\u00edveis demandas emergenciais em decorr\u00eancia do per\u00edodo chuvoso.<\/p>\n<p><strong>Empresa Municipal de Pavimenta\u00e7\u00e3o e Urbanidades (Empav):<\/strong>\u00a0Durante o feriado, a Empav estar\u00e1 nas ruas da cidade com equipes de recomposi\u00e7\u00e3o asf\u00e1ltica, limpeza e poda de grama e \u00e1rvores.<\/p>\n<p><strong>Guarda Municipal (GM):<\/strong>\u00a0A GM ter\u00e1 equipes atuando no Centro de Monitoramento e Opera\u00e7\u00f5es (CMO) 24h, que atende pelo 153, em rondas preventivas 24h.<\/p>\n<p><strong>Agentes de Transporte e Tr\u00e2nsito:\u00a0<\/strong>Os agentes de transporte e tr\u00e2nsito atuam realizando fiscaliza\u00e7\u00f5es em toda cidade. As equipes podem ser acionadas pelo telefone 2104-7400.<\/p>\n<p><strong>Defesa Civil:\u00a0<\/strong>A equipe da Defesa Civil estar\u00e1 de plant\u00e3o. Em caso de emerg\u00eancia, disque 199. A Central de Atendimento funciona 24h.<\/p>\n<p><strong>Mercado Municipal:\u00a0<\/strong>Na quarta-feira, 20, a tenda de Hortifrutis, Quitandas, Latic\u00ednios, Artesanatos e outras variedades funcionar\u00e1 das 8h \u00e0s 12h, e a tenda de bares e restaurantes n\u00e3o funcionar\u00e1.<\/p>\n<p><strong>Feiras livres:\u00a0<\/strong>Ocorrem normalmente na quarta, 20.<\/p>\n<p><strong>Restaurante Popular:<\/strong>\u00a0Funciona com atendimento exclusivo para o p\u00fablico autorizado pela Assist\u00eancia Social no feriado.<\/p>\n<p><strong>Sa\u00fade:<\/strong>\u00a0Os servi\u00e7os de Urg\u00eancia e Emerg\u00eancia, das Unidade de Pronto Atendimento (UPA), do Pronto Atendimento Nordeste, do Pronto Atendimento Infantil (PAI), Regional Leste e Hospital de Pronto Socorro (HPS), bem como a Central de Regula\u00e7\u00e3o de Vagas Hospitalares, permanecem em funcionamento normal 24 horas durante o per\u00edodo. As Unidades B\u00e1sicas de Sa\u00fade (UBS) n\u00e3o funcionam na quarta-feira, 20. As atividades nas UBS\u2019s retornam na quinta-feira, 21, \u00e0s 7h. O Departamento de Sa\u00fade da Mulher, Gestante, Crian\u00e7a e do Adolescente (DSMGCA) e o Servi\u00e7o de Sa\u00fade do Idoso (Sasi) n\u00e3o funcionam na quarta-feira, 20. O Departamento de Sa\u00fade Mental (DESM), o Centro de Aten\u00e7\u00e3o \u00e0 Sa\u00fade Mental (CASM)\/ Centro de Conviv\u00eancia Recriar (CCR), o\u00a0 Centro de Aten\u00e7\u00e3o Psicossocial (CAPS) Leste e CAPS i paralisam os atendimentos na quarta-feira, 20. O CAPS AD e o CAPS Casa Viva funcionam normalmente. O Pam Marechal permanece fechado na quarta-feira, 20. As Vacina\u00e7\u00f5es, campanhas e de rotina, retornam na quinta-feira, 21, nas UBSs, no DSMGCA e no Sasi. Os Centros de Especialidades Odontol\u00f3gicas (CEO) permanecem fechados na quarta-feira, 20. O Pronto Atendimento Odontol\u00f3gico, no HPS, funciona normalmente, 24 horas durante o per\u00edodo.<\/p>\n<p><strong>Casa da Mulher<\/strong>: O centro de refer\u00eancia n\u00e3o funcionar\u00e1 na quarta, retomando o atendimento na quinta-feira, 21.<\/p>\n<p><strong>Assist\u00eancia Social:\u00a0<\/strong>Funcionar\u00e3o normalmente os servi\u00e7os de Casas de Acolhimento, Casas de Passagem e Abordagem Social (3692-8233 ou 99807-0719). Os centros Especializado de Assist\u00eancia Social (Creas) e de Refer\u00eancia de Assist\u00eancia Social (Cras), Servi\u00e7os de Fortalecimento de V\u00ednculos e Centro Pop n]ao funcionam na quarta, voltando a funcionar na quinta-feira, 21.<\/p>\n<p><strong>Conselhos Tutelares:<\/strong>\u00a0Funcionam em esquema de plant\u00e3o, pelos telefones: Norte\/nordeste: 98429-4740; \/ Norte: 98506-2939; Centro\/sudeste: 98838-3193; Sul\/Oeste: 98431-4793; e Leste: 98463-0980.<\/p>\n<p><strong>Funalfa:\u00a0<\/strong>O Museu Ferrovi\u00e1rio fica aberto ao p\u00fablico para visita\u00e7\u00e3o do p\u00fablico das 9h \u00e0s 12h e das 13h \u00e0s 17h. O Centro Cultural Bernardo Mascarenhas permanece aberto para visita\u00e7\u00e3o do p\u00fablico a exposi\u00e7\u00e3o Expoafro, das 9h \u00e0s 19h, e Manto Sagrado \u2013 Manto de Ax\u00e9, das 8h \u00e0s 17h.\u00a0 A Galeria Ruth de Souza fica aberta para visita\u00e7\u00e3o do p\u00fablico das 9h \u00e0s 21h com a exposi\u00e7\u00e3o &#8220;Aya&#8221;. O Teatro Paschoal Carlos Magno permanece aberto a partir das 18h30 para a programa\u00e7\u00e3o do Novembro Negro 2024, com homenagem aos 60 anos do Batuque Afro-brasileiro de Nelson Silva. O Centro Cultural Dnar Rocha, Biblioteca Municipal Murilo Mendes, Casa de Leitura Delfina Fonseca Lima, Pa\u00e7o Municipal e Pra\u00e7a CEU n\u00e3o funcionam na quarta-feira, 20.<\/p>\n<p><strong>Espa\u00e7o Cidade:<\/strong>\u00a0N\u00e3o funcionar\u00e1 na quarta-feira.<\/p>\n<p><strong>Parque Municipal:<\/strong>\u00a0O<strong>\u00a0<\/strong>Parque Municipal funciona normalmente na quarta, das 8h \u00e0s 17h, com entrada permitida at\u00e9 \u00e0s 16h.<\/p>\n<p><strong>Museu Mariano Proc\u00f3pio:<\/strong>\u00a0Na quarta-feira, o parque funciona das 8h \u00e0s 17h, enquanto o Museu fica aberto das 10h30 \u00e0s 16h.<\/p>\n<p><strong>Parque da Lajinha:\u00a0<\/strong>O parque da Lajinha funciona normalmente das 8h \u00e0s 17h.<\/p>\n<p><strong>Ag\u00eancia de Prote\u00e7\u00e3o e Defesa do Consumidor (Procon):<\/strong>\u00a0N\u00e3o haver\u00e1 funcionamento na quarta, retomando o atendimento na quinta-feira, 21.<\/p>\n<p><strong>Departamento de Informa\u00e7\u00e3o Geral e Atendimento (Diga):\u00a0<\/strong>As unidades do DIGA n\u00e3o funcionar\u00e3o na quarta, retomando ao normal na quinta-feira, 21.<\/p>\n<div><\/div>\n<\/div>\n<p>&nbsp;<\/p>\n","protected":false},"excerpt":{"rendered":"<p>Segundo informa\u00e7\u00f5es do site da Prefeitura de Juiz de Fora (PJF), em fun\u00e7\u00e3o do feriado do Dia Nacional de Zumbi e da Consci\u00eancia Negra na quarta-feira, 20, os servi\u00e7os da Prefeitura de Juiz de Fora (PJF) ter\u00e3o altera\u00e7\u00f5es. Confira: Companhia de Saneamento Municipal (Cesama): A Cesama funciona em esquema de plant\u00e3o e os servi\u00e7os podem [&hellip;]<\/p>\n","protected":false},"author":246,"featured_media":225478,"comment_status":"closed","ping_status":"closed","sticky":false,"template":"","format":"standard","meta":{"footnotes":""},"categories":[253,436,440,439],"tags":[],"class_list":["post-225477","post","type-post","status-publish","format-standard","has-post-thumbnail","hentry","category-cidade","category-destaque-da-semana","category-destaques-do-dia","category-ultima-hora"],"_links":{"self":[{"href":"https:\/\/diarioregionaldigital.com.br\/index.php?rest_route=\/wp\/v2\/posts\/225477","targetHints":{"allow":["GET"]}}],"collection":[{"href":"https:\/\/diarioregionaldigital.com.br\/index.php?rest_route=\/wp\/v2\/posts"}],"about":[{"href":"https:\/\/diarioregionaldigital.com.br\/index.php?rest_route=\/wp\/v2\/types\/post"}],"author":[{"embeddable":true,"href":"https:\/\/diarioregionaldigital.com.br\/index.php?rest_route=\/wp\/v2\/users\/246"}],"replies":[{"embeddable":true,"href":"https:\/\/diarioregionaldigital.com.br\/index.php?rest_route=%2Fwp%2Fv2%2Fcomments&post=225477"}],"version-history":[{"count":1,"href":"https:\/\/diarioregionaldigital.com.br\/index.php?rest_route=\/wp\/v2\/posts\/225477\/revisions"}],"predecessor-version":[{"id":225479,"href":"https:\/\/diarioregionaldigital.com.br\/index.php?rest_route=\/wp\/v2\/posts\/225477\/revisions\/225479"}],"wp:featuredmedia":[{"embeddable":true,"href":"https:\/\/diarioregionaldigital.com.br\/index.php?rest_route=\/wp\/v2\/media\/225478"}],"wp:attachment":[{"href":"https:\/\/diarioregionaldigital.com.br\/index.php?rest_route=%2Fwp%2Fv2%2Fmedia&parent=225477"}],"wp:term":[{"taxonomy":"category","embeddable":true,"href":"https:\/\/diarioregionaldigital.com.br\/index.php?rest_route=%2Fwp%2Fv2%2Fcategories&post=225477"},{"taxonomy":"post_tag","embeddable":true,"href":"https:\/\/diarioregionaldigital.com.br\/index.php?rest_route=%2Fwp%2Fv2%2Ftags&post=225477"}],"curies":[{"name":"wp","href":"https:\/\/api.w.org\/{rel}","templated":true}]}}