{"id":225474,"date":"2024-11-18T21:29:17","date_gmt":"2024-11-19T00:29:17","guid":{"rendered":"https:\/\/diarioregionaldigital.com.br\/?p=225474"},"modified":"2024-11-18T21:29:17","modified_gmt":"2024-11-19T00:29:17","slug":"pjf-realiza-2a-semana-de-incentivo-as-artes-marciais-no-ginasio-municipal","status":"publish","type":"post","link":"https:\/\/diarioregionaldigital.com.br\/?p=225474","title":{"rendered":"PJF realiza 2\u00aa Semana de Incentivo \u00e0s Artes Marciais no Gin\u00e1sio Municipal"},"content":{"rendered":"<p>Segundo informa\u00e7\u00f5es do site da Prefeitura de Juiz de Fora (PJF), a Secretaria de Esporte e Lazer (SEL) da Prefeitura de Juiz de Fora (PJF) promove nos dias 22 a 24 de novembro, no Gin\u00e1sio Municipal Jornalista Ant\u00f4nio Marcos, a 2\u00aa Semana de Incentivo \u00e0s Artes Marciais. Na sexta-feira, 22, a atividade inicia \u00e0s 19h e segue at\u00e9 \u00e0s 21h, com a abertura e uma celebra\u00e7\u00e3o de capoeira com, aproximadamente, 150 atletas e mestres.<\/p>\n<p>No s\u00e1bado, 23, ser\u00e1 realizado um festival de Jud\u00f4, Karat\u00ea e Jiu-Jitsu para crian\u00e7as, a partir das 8h. Al\u00e9m disso, ser\u00e1 realizada uma competi\u00e7\u00e3o infanto-juvenil e juvenil, com lutas casadas, a partir das 13h, com, aproximadamente, 200 atletas de cada modalidade (Jud\u00f4, Karat\u00ea e Jiu-Jitsu).<\/p>\n<p>J\u00e1 no domingo, 24, um ringue ser\u00e1 montado na parte central do Gin\u00e1sio, para ser palco do Boxe e K1, a partir das 9h. O evento \u00e9 gratuito e aberto para toda a popula\u00e7\u00e3o.<\/p>\n","protected":false},"excerpt":{"rendered":"<p>Segundo informa\u00e7\u00f5es do site da Prefeitura de Juiz de Fora (PJF), a Secretaria de Esporte e Lazer (SEL) da Prefeitura de Juiz de Fora (PJF) promove nos dias 22 a 24 de novembro, no Gin\u00e1sio Municipal Jornalista Ant\u00f4nio Marcos, a 2\u00aa Semana de Incentivo \u00e0s Artes Marciais. Na sexta-feira, 22, a atividade inicia \u00e0s 19h [&hellip;]<\/p>\n","protected":false},"author":246,"featured_media":225475,"comment_status":"closed","ping_status":"closed","sticky":false,"template":"","format":"standard","meta":{"footnotes":""},"categories":[253,436,440,257,439],"tags":[],"class_list":["post-225474","post","type-post","status-publish","format-standard","has-post-thumbnail","hentry","category-cidade","category-destaque-da-semana","category-destaques-do-dia","category-esporte","category-ultima-hora"],"_links":{"self":[{"href":"https:\/\/diarioregionaldigital.com.br\/index.php?rest_route=\/wp\/v2\/posts\/225474","targetHints":{"allow":["GET"]}}],"collection":[{"href":"https:\/\/diarioregionaldigital.com.br\/index.php?rest_route=\/wp\/v2\/posts"}],"about":[{"href":"https:\/\/diarioregionaldigital.com.br\/index.php?rest_route=\/wp\/v2\/types\/post"}],"author":[{"embeddable":true,"href":"https:\/\/diarioregionaldigital.com.br\/index.php?rest_route=\/wp\/v2\/users\/246"}],"replies":[{"embeddable":true,"href":"https:\/\/diarioregionaldigital.com.br\/index.php?rest_route=%2Fwp%2Fv2%2Fcomments&post=225474"}],"version-history":[{"count":1,"href":"https:\/\/diarioregionaldigital.com.br\/index.php?rest_route=\/wp\/v2\/posts\/225474\/revisions"}],"predecessor-version":[{"id":225476,"href":"https:\/\/diarioregionaldigital.com.br\/index.php?rest_route=\/wp\/v2\/posts\/225474\/revisions\/225476"}],"wp:featuredmedia":[{"embeddable":true,"href":"https:\/\/diarioregionaldigital.com.br\/index.php?rest_route=\/wp\/v2\/media\/225475"}],"wp:attachment":[{"href":"https:\/\/diarioregionaldigital.com.br\/index.php?rest_route=%2Fwp%2Fv2%2Fmedia&parent=225474"}],"wp:term":[{"taxonomy":"category","embeddable":true,"href":"https:\/\/diarioregionaldigital.com.br\/index.php?rest_route=%2Fwp%2Fv2%2Fcategories&post=225474"},{"taxonomy":"post_tag","embeddable":true,"href":"https:\/\/diarioregionaldigital.com.br\/index.php?rest_route=%2Fwp%2Fv2%2Ftags&post=225474"}],"curies":[{"name":"wp","href":"https:\/\/api.w.org\/{rel}","templated":true}]}}