{"id":225470,"date":"2024-11-18T21:27:50","date_gmt":"2024-11-19T00:27:50","guid":{"rendered":"https:\/\/diarioregionaldigital.com.br\/?p=225470"},"modified":"2024-11-18T21:27:50","modified_gmt":"2024-11-19T00:27:50","slug":"minas-gerais-lanca-novo-painel-para-avaliacao-de-unidades-de-conservacao-no-estado","status":"publish","type":"post","link":"https:\/\/diarioregionaldigital.com.br\/?p=225470","title":{"rendered":"Minas Gerais lan\u00e7a novo painel para avalia\u00e7\u00e3o de Unidades de Conserva\u00e7\u00e3o no estado"},"content":{"rendered":"<p>O Sistema Estadual de Meio Ambiente e Recursos H\u00eddricos (Sisema), por meio do\u00a0<a href=\"https:\/\/www.ief.mg.gov.br\/\" target=\"_blank\" rel=\"noopener\">Instituto Estadual de Florestas (IEF)<\/a>, lan\u00e7ou o Fator de Qualidade (FQ) das Unidades de Conserva\u00e7\u00e3o (UCs) de Minas, uma nova se\u00e7\u00e3o no Painel de Indicadores. Finalizado em outubro de 2024, o painel representa uma ferramenta estrat\u00e9gica para a gest\u00e3o ambiental, permitindo uma an\u00e1lise detalhada da qualidade das UCs administradas pelo IEF, com dados de 2006 a 2023.<\/p>\n<p>O\u00a0<em>dashboard<\/em>\u00a0Fator de Qualidade organiza as pontua\u00e7\u00f5es anuais atribu\u00eddas a cada UC com base nos crit\u00e9rios da Delibera\u00e7\u00e3o Normativa Copam n\u00ba 234\/2019, contemplando aspectos como ecossistemas naturais, situa\u00e7\u00e3o fundi\u00e1ria, preven\u00e7\u00e3o a inc\u00eandios florestais, infraestrutura e articula\u00e7\u00e3o interinstitucional. Com atualiza\u00e7\u00e3o anual, o painel facilita o acesso a informa\u00e7\u00f5es essenciais para gestores e aprimora a transpar\u00eancia e a efic\u00e1cia na tomada de decis\u00f5es.<\/p>\n<p>\u201cO desenvolvimento desses dashboards representa um passo importante para a melhoria da gest\u00e3o das UCs estaduais ao fornecer um conjunto de dados precisos e acess\u00edveis, fundamentais para decis\u00f5es estrat\u00e9gicas,\u201d afirma o gerente de Cria\u00e7\u00e3o e Manejo de Unidades de Conserva\u00e7\u00e3o do IEF, Edmar Monteiro.<\/p>\n<p>\u201cEsta \u00e9 a primeira vez que analisamos os dados hist\u00f3ricos de forma sistematizada para todas as UCs e para o sistema estadual como um todo\u201d, observa Monteiro, destacando que a ferramenta permite identificar demandas estruturais e avaliar o desempenho ambiental de cada UC.<\/p>\n<div>\n<figure class=\"image\"><img decoding=\"async\" src=\"https:\/\/www.agenciaminas.mg.gov.br\/ckeditor_assets\/pictures\/22005\/content_fq_ucs_ief.jpg\" alt=\"\" \/><figcaption>Reprodu\u00e7\u00e3o<\/figcaption><\/figure>\n<\/div>\n<p>O novo\u00a0<em>dashboard<\/em>\u00a0\u00e9 uma iniciativa pioneira do Sisema, que busca aprimorar o planejamento estrat\u00e9gico e o alocamento de recursos nas UCs de Minas Gerais, al\u00e9m de promover maior transpar\u00eancia nas a\u00e7\u00f5es do governo. A continuidade desse projeto inclui a manuten\u00e7\u00e3o dos pain\u00e9is e o monitoramento cont\u00ednuo da efic\u00e1cia dos indicadores apresentados.<\/p>\n<p>Minas Gerais possui um total de 95 unidades de conserva\u00e7\u00e3o, sendo 76 de prote\u00e7\u00e3o integral, que preservam 2,4 milh\u00f5es de hectares dos biomas Mata Atl\u00e2ntica, Cerrado e Caatinga.<\/p>\n<p><a href=\"https:\/\/app.powerbi.com\/view?r=eyJrIjoiOThhNzgyMTQtNGU5Ny00Mzk0LWIzODItNDg3Nzk2MDlmYmEyIiwidCI6IjkyNGY5ODQ3LTI0MmUtNGE5YS04OTEzLTllNDM2NDliOWVhYSJ9\" target=\"_blank\" rel=\"noopener\">Clique aqui<\/a>\u00a0para acessar o\u00a0<em>dashboard<\/em>\u00a0sobre unidades de conserva\u00e7\u00e3o.<\/p>\n<p>Fonte: Ag\u00eancia Minas<\/p>\n","protected":false},"excerpt":{"rendered":"<p>O Sistema Estadual de Meio Ambiente e Recursos H\u00eddricos (Sisema), por meio do\u00a0Instituto Estadual de Florestas (IEF), lan\u00e7ou o Fator de Qualidade (FQ) das Unidades de Conserva\u00e7\u00e3o (UCs) de Minas, uma nova se\u00e7\u00e3o no Painel de Indicadores. Finalizado em outubro de 2024, o painel representa uma ferramenta estrat\u00e9gica para a gest\u00e3o ambiental, permitindo uma an\u00e1lise [&hellip;]<\/p>\n","protected":false},"author":246,"featured_media":225471,"comment_status":"closed","ping_status":"closed","sticky":false,"template":"","format":"standard","meta":{"footnotes":""},"categories":[436,261,254,252,439],"tags":[],"class_list":["post-225470","post","type-post","status-publish","format-standard","has-post-thumbnail","hentry","category-destaque-da-semana","category-economia","category-politica","category-regiao","category-ultima-hora"],"_links":{"self":[{"href":"https:\/\/diarioregionaldigital.com.br\/index.php?rest_route=\/wp\/v2\/posts\/225470","targetHints":{"allow":["GET"]}}],"collection":[{"href":"https:\/\/diarioregionaldigital.com.br\/index.php?rest_route=\/wp\/v2\/posts"}],"about":[{"href":"https:\/\/diarioregionaldigital.com.br\/index.php?rest_route=\/wp\/v2\/types\/post"}],"author":[{"embeddable":true,"href":"https:\/\/diarioregionaldigital.com.br\/index.php?rest_route=\/wp\/v2\/users\/246"}],"replies":[{"embeddable":true,"href":"https:\/\/diarioregionaldigital.com.br\/index.php?rest_route=%2Fwp%2Fv2%2Fcomments&post=225470"}],"version-history":[{"count":2,"href":"https:\/\/diarioregionaldigital.com.br\/index.php?rest_route=\/wp\/v2\/posts\/225470\/revisions"}],"predecessor-version":[{"id":225473,"href":"https:\/\/diarioregionaldigital.com.br\/index.php?rest_route=\/wp\/v2\/posts\/225470\/revisions\/225473"}],"wp:featuredmedia":[{"embeddable":true,"href":"https:\/\/diarioregionaldigital.com.br\/index.php?rest_route=\/wp\/v2\/media\/225471"}],"wp:attachment":[{"href":"https:\/\/diarioregionaldigital.com.br\/index.php?rest_route=%2Fwp%2Fv2%2Fmedia&parent=225470"}],"wp:term":[{"taxonomy":"category","embeddable":true,"href":"https:\/\/diarioregionaldigital.com.br\/index.php?rest_route=%2Fwp%2Fv2%2Fcategories&post=225470"},{"taxonomy":"post_tag","embeddable":true,"href":"https:\/\/diarioregionaldigital.com.br\/index.php?rest_route=%2Fwp%2Fv2%2Ftags&post=225470"}],"curies":[{"name":"wp","href":"https:\/\/api.w.org\/{rel}","templated":true}]}}