{"id":225463,"date":"2024-11-18T21:22:46","date_gmt":"2024-11-19T00:22:46","guid":{"rendered":"https:\/\/diarioregionaldigital.com.br\/?p=225463"},"modified":"2024-11-18T21:22:46","modified_gmt":"2024-11-19T00:22:46","slug":"governo-de-minas-celebra-o-pai-da-aviacao-com-a-entrega-da-medalha-santos-dumont","status":"publish","type":"post","link":"https:\/\/diarioregionaldigital.com.br\/?p=225463","title":{"rendered":"Governo de Minas celebra o Pai da Avia\u00e7\u00e3o com a entrega da Medalha Santos Dumont"},"content":{"rendered":"<p>O vice-governador de Minas Gerais, Professor Mateus, entregou a Medalha Santos Dumont, no munic\u00edpio que tamb\u00e9m leva o nome do pai da avia\u00e7\u00e3o, nesta segunda-feira (18\/11), na regi\u00e3o da Zona da Mata. Neste ano, a honraria marca tamb\u00e9m os 151 anos do inventor.<\/p>\n<p>&nbsp;<\/p>\n<p>Em 2024, a condecora\u00e7\u00e3o est\u00e1 sendo concedida a 130 pessoas e\/ou institui\u00e7\u00f5es, em tr\u00eas graus: Ouro, Prata e Bronze.<\/p>\n<p>&nbsp;<\/p>\n<p>Durante o pronunciamento, Professor Mateus destacou a representatividade da figura de Santos Dumont para Minas Gerais e a import\u00e2ncia da medalha, que homenageia um dos filhos mais ilustres do estado. \u201cSantos Dumont \u00e9, sem d\u00favida, o brasileiro mais conhecido no exterior, nascido pelo menos no \u00faltimo s\u00e9culo. E o fato dele ser mineiro nos deixa ainda mais orgulhosos&#8221;.<\/p>\n<table border=\"0\" cellspacing=\"1\" cellpadding=\"1\" align=\"center\">\n<tbody>\n<tr>\n<td colspan=\"5\"><img decoding=\"async\" src=\"https:\/\/www.agenciaminas.mg.gov.br\/ckeditor_assets\/pictures\/20949\/content_2_olho_topo.jpg\" alt=\"\" \/><\/td>\n<\/tr>\n<tr>\n<td><\/td>\n<td colspan=\"3\" rowspan=\"3\">\n<h1><strong>&#8220;Apesar de Santos Dumont ser conhecido internacionalmente como o inventor do avi\u00e3o, ele tem uma s\u00e9rie de outros inventos, e todos eles ligados a esse senso da utilidade. A observa\u00e7\u00e3o da vida concreta \u00e9 algo que Santos Dumont nos deixou como legado, e precisa ser mais seguido por cada um de n\u00f3s&#8221;, observou o vice-governador Professor Mateus.<\/strong><\/h1>\n<\/td>\n<td><\/td>\n<\/tr>\n<tr>\n<td><\/td>\n<td><\/td>\n<\/tr>\n<tr>\n<td><\/td>\n<td><\/td>\n<\/tr>\n<tr>\n<td colspan=\"5\"><img decoding=\"async\" src=\"https:\/\/www.agenciaminas.mg.gov.br\/ckeditor_assets\/pictures\/20950\/content_2_olho_inferior.jpg\" alt=\"\" \/><\/td>\n<\/tr>\n<\/tbody>\n<\/table>\n<p>\u201cAqui, hoje, n\u00f3s premiamos dezenas de excepcionais exemplos nas \u00e1reas mais diversas, na educa\u00e7\u00e3o, na sa\u00fade, na seguran\u00e7a, na ci\u00eancia e eu espero que as pessoas que veem a medalha sendo entregue lembrem disso, cada uma das pessoas que recebeu aqui a medalha tem um exemplo pra dar e que merece ser seguido\u201d, concluiu o vice-governador.<\/p>\n<p>O orador da solenidade foi o fot\u00f3grafo e designer Rodrigo C\u00e2mara, curador da exposi\u00e7\u00e3o &#8220;Nas nuvens com Dumont\u201c, que levou ao p\u00fablico uma cole\u00e7\u00e3o com 15 miniaturas de aeronaves criadas pelo pai da avia\u00e7\u00e3o contando a hist\u00f3ria profissional e pessoal do aviador.<\/p>\n<p>Representando os demais agraciados, o curador da exposi\u00e7\u00e3o que homenageia o pai da avia\u00e7\u00e3o enalteceu o legado deixado por Santos Dumont na hist\u00f3ria do pa\u00eds. \u201cEm um tempo de escassez de \u00edcones e de inspira\u00e7\u00e3o, nada melhor do que revisitar a nossa hist\u00f3ria para descobrir pessoas como Santos Dumont. Uma pessoa que criou, inovou e que at\u00e9 hoje contamos com o legado dele\u201d, destacou.<\/p>\n<p><strong>Homenageados<\/strong><\/p>\n<p>Al\u00e9m de Rodrigo C\u00e2mara, a lista de agraciados inclui autoridades do Tribunal Regional Federal da 6\u00aa regi\u00e3o (TRF6), do Tribunal Superior do Trabalho, d senado Federal, chefes e comandantes das For\u00e7as de Seguran\u00e7a de MG, ju\u00edzes, procuradores, desembargadores, deputados estaduais, secret\u00e1rios de Estado, professores, representantes da \u00e1rea cultural, entre outros nomes com atua\u00e7\u00e3o em prol do desenvolvimento de Minas Gerais e do pa\u00eds.<\/p>\n<p>Institui\u00e7\u00f5es tamb\u00e9m est\u00e3o na lista deste ano, como a Associa\u00e7\u00e3o Beneficente das Volunt\u00e1rias Amigas do Hospital Universit\u00e1rio Clemente Faria de Montes Claros (AVAHU), Complexo de Sa\u00fade S\u00e3o Jo\u00e3o de Deus, Fundamar &#8211; Funda\u00e7\u00e3o 18 de Mar\u00e7o, Hospital das Cl\u00ednicas da UFMG, Hospital Fel\u00edcio Rocho, Santa Casa BH, Santa Casa de Miseric\u00f3rdia de Juiz de Fora e a associa\u00e7\u00e3o Voa Prates.<\/p>\n<p><strong>Honraria<\/strong><\/p>\n<p>Criada em 1956, a medalha \u00e9 uma refer\u00eancia tamb\u00e9m ao primeiro voo do brasileiro em uma aeronave mais pesada que o ar, o 14-Bis, em outubro de 1906, em Paris (Fran\u00e7a). Alberto Santos Dumont foi fundamental para descobertas que o mundo viveu ap\u00f3s o advento da avia\u00e7\u00e3o.<\/p>\n<p>Tradicionalmente, a medalha \u00e9 entregue em quatro graus: Grande Colar, Ouro, Prata e Bronze. O Grande Colar \u2013 n\u00e3o entregue nesta edi\u00e7\u00e3o \u2013 \u00e9 destinado exclusivamente a chefes de Estado, de Governo, de Poderes dos Estados e capitais e ministros.<\/p>\n<p>Podem receber a condecora\u00e7\u00e3o: autoridades pol\u00edticas, aviadores civis e militares, pessoas que contribu\u00edram para o desenvolvimento da avia\u00e7\u00e3o no pa\u00eds, institui\u00e7\u00f5es, sociedades, membros do Corpo Diplom\u00e1tico, escritores e jornalistas especializados em assuntos de navega\u00e7\u00e3o a\u00e9rea. A honraria \u00e9 regida por um Conselho Permanente da Medalha, composto por 22 membros, e presidida pelo presidente da Assembleia Legislativa de Minas Gerais (ALMG).<br \/>\n<strong>Agraciados \u2013 Medalha Santos Dumont 2024<\/strong><\/p>\n<p>&nbsp;<\/p>\n<blockquote><p><em>Links tempor\u00e1rios com fotos dos agraciados (chancelaria e cumprimentos) podem ser acessados\u00a0<a href=\"https:\/\/www.agenciaminas.mg.gov.br\/multimidia\/galeria\/medalha-santos-dumont-2024\" target=\"_blank\" rel=\"noopener\">neste link<\/a>.<\/em><\/p><\/blockquote>\n<p>&nbsp;<\/p>\n<blockquote><p><em><a href=\"https:\/\/www.agenciaminas.mg.gov.br\/ckeditor_assets\/attachments\/22007\/agraciados_msd_2024.pdf\" target=\"_blank\" rel=\"noopener\">Clique aqui<\/a>\u00a0para acessar a lista de agraciados de 2024.<\/em><\/p><\/blockquote>\n<p>Fonte: Ag\u00eancia Minas<\/p>\n","protected":false},"excerpt":{"rendered":"<p>O vice-governador de Minas Gerais, Professor Mateus, entregou a Medalha Santos Dumont, no munic\u00edpio que tamb\u00e9m leva o nome do pai da avia\u00e7\u00e3o, nesta segunda-feira (18\/11), na regi\u00e3o da Zona da Mata. Neste ano, a honraria marca tamb\u00e9m os 151 anos do inventor. &nbsp; Em 2024, a condecora\u00e7\u00e3o est\u00e1 sendo concedida a 130 pessoas e\/ou [&hellip;]<\/p>\n","protected":false},"author":246,"featured_media":225464,"comment_status":"closed","ping_status":"closed","sticky":false,"template":"","format":"standard","meta":{"footnotes":""},"categories":[436,440,261,254,252,439],"tags":[],"class_list":["post-225463","post","type-post","status-publish","format-standard","has-post-thumbnail","hentry","category-destaque-da-semana","category-destaques-do-dia","category-economia","category-politica","category-regiao","category-ultima-hora"],"_links":{"self":[{"href":"https:\/\/diarioregionaldigital.com.br\/index.php?rest_route=\/wp\/v2\/posts\/225463","targetHints":{"allow":["GET"]}}],"collection":[{"href":"https:\/\/diarioregionaldigital.com.br\/index.php?rest_route=\/wp\/v2\/posts"}],"about":[{"href":"https:\/\/diarioregionaldigital.com.br\/index.php?rest_route=\/wp\/v2\/types\/post"}],"author":[{"embeddable":true,"href":"https:\/\/diarioregionaldigital.com.br\/index.php?rest_route=\/wp\/v2\/users\/246"}],"replies":[{"embeddable":true,"href":"https:\/\/diarioregionaldigital.com.br\/index.php?rest_route=%2Fwp%2Fv2%2Fcomments&post=225463"}],"version-history":[{"count":1,"href":"https:\/\/diarioregionaldigital.com.br\/index.php?rest_route=\/wp\/v2\/posts\/225463\/revisions"}],"predecessor-version":[{"id":225465,"href":"https:\/\/diarioregionaldigital.com.br\/index.php?rest_route=\/wp\/v2\/posts\/225463\/revisions\/225465"}],"wp:featuredmedia":[{"embeddable":true,"href":"https:\/\/diarioregionaldigital.com.br\/index.php?rest_route=\/wp\/v2\/media\/225464"}],"wp:attachment":[{"href":"https:\/\/diarioregionaldigital.com.br\/index.php?rest_route=%2Fwp%2Fv2%2Fmedia&parent=225463"}],"wp:term":[{"taxonomy":"category","embeddable":true,"href":"https:\/\/diarioregionaldigital.com.br\/index.php?rest_route=%2Fwp%2Fv2%2Fcategories&post=225463"},{"taxonomy":"post_tag","embeddable":true,"href":"https:\/\/diarioregionaldigital.com.br\/index.php?rest_route=%2Fwp%2Fv2%2Ftags&post=225463"}],"curies":[{"name":"wp","href":"https:\/\/api.w.org\/{rel}","templated":true}]}}