{"id":225459,"date":"2024-11-15T04:08:05","date_gmt":"2024-11-15T07:08:05","guid":{"rendered":"https:\/\/diarioregionaldigital.com.br\/?p=225459"},"modified":"2024-11-15T04:08:05","modified_gmt":"2024-11-15T07:08:05","slug":"extrato-de-contrato-085-15-11-2024","status":"publish","type":"post","link":"https:\/\/diarioregionaldigital.com.br\/?p=225459","title":{"rendered":"EXTRATO DE CONTRATO 085 &#8211; 15\/11\/2024"},"content":{"rendered":"<p class=\"s2\"><span class=\"s3\"><span class=\"bumpedFont17\">EXTRATO DE CONTRATO<\/span><\/span><\/p>\n<p class=\"s2\">\n<p class=\"s4\"><span class=\"s3\"><span class=\"bumpedFont17\">Pref. Municipal de Descoberto x<\/span><\/span> <span class=\"s3\"><span class=\"bumpedFont17\">Cigma<\/span><\/span><span class=\"s3\"><span class=\"bumpedFont17\"> Solu\u00e7\u00f5es Integradas para Administra\u00e7\u00e3o P\u00fablica<\/span><\/span><span class=\"s3\"><span class=\"bumpedFont17\"> Ltda<\/span><\/span> <span class=\"s3\"><span class=\"bumpedFont17\">&#8211; Objeto:<\/span><\/span><span class=\"s3\"><span class=\"bumpedFont17\"> Contrata\u00e7\u00e3o de empresa<\/span><\/span><span class=\"s3\"><span class=\"bumpedFont17\"> para <\/span><\/span><span class=\"s3\"><span class=\"bumpedFont17\">prestra\u00e7\u00e3o<\/span><\/span> <span class=\"s3\"><span class=\"bumpedFont17\">de s<\/span><\/span><span class=\"s3\"><span class=\"bumpedFont17\">ervi\u00e7os de reorganiza\u00e7\u00e3o patrimonial, levantamento f\u00edsico completo, cataloga\u00e7\u00e3o, mensura\u00e7\u00e3o, avalia\u00e7\u00e3o de ajustes, defini\u00e7\u00e3o de valores residual, deprecia\u00e7\u00e3o, amortiza\u00e7\u00e3o, <\/span><\/span><span class=\"s3\"><span class=\"bumpedFont17\">etiquetamento<\/span><\/span><span class=\"s3\"><span class=\"bumpedFont17\">, elabora\u00e7\u00e3o de registro fotogr\u00e1fico, elabora\u00e7\u00e3o de relat\u00f3rios inclusive dos inserv\u00edveis, de todos os bens m\u00f3veis, im\u00f3veis e de dom\u00ednio p\u00fablico incluindo edifica\u00e7\u00f5es e benfeitorias, m\u00e1quinas e equipamentos, ve\u00edculos, computadores e perif\u00e9ricos, m\u00f3veis e utens\u00edlios e demais itens pertencentes ao munic\u00edpio, devidamente acrescidos de suas respectivas deprecia\u00e7\u00f5es e avalia\u00e7\u00f5es atualizadas bem como dar suporte na organiza\u00e7\u00e3o e adequa\u00e7\u00e3o na legisla\u00e7\u00e3o existente e emiss\u00e3o de relat\u00f3rio\/invent\u00e1rio geral, em atendimento \u00e0s Normas Brasileiras de Contabilidade Aplicada ao Setor P\u00fablico (NBCAPS) e \u00e0s Portarias da Secretaria do Tesouro Nacional (STN) e as Normas Legais, Resolu\u00e7\u00f5es e atendimento as exig\u00eancias por parte do egr\u00e9gio Tribunal de Conta de Minas Gerais.<\/span><\/span><span class=\"s3\"><span class=\"bumpedFont17\">&#8211; <\/span><\/span><span class=\"s3\"><span class=\"bumpedFont17\">Fundamento:<\/span><\/span> <span class=\"s3\"><span class=\"bumpedFont17\">Preg\u00e3o<\/span><\/span><span class=\"s3\"><span class=\"bumpedFont17\"> Presencial<\/span><\/span> <span class=\"s3\"><span class=\"bumpedFont17\">n\u00ba <\/span><\/span><span class=\"s3\"><span class=\"bumpedFont17\">0<\/span><\/span><span class=\"s3\"><span class=\"bumpedFont17\">3<\/span><\/span><span class=\"s3\"><span class=\"bumpedFont17\">5<\/span><\/span><span class=\"s3\"><span class=\"bumpedFont17\">\/<\/span><\/span><span class=\"s3\"><span class=\"bumpedFont17\">2024<\/span><\/span> <span class=\"s3\"><span class=\"bumpedFont17\">&#8211; <\/span><\/span><span class=\"s3\"><span class=\"bumpedFont17\">Valor Global: <\/span><\/span><span class=\"s3\"><span class=\"bumpedFont17\">R$<\/span><\/span><span class=\"s3\"><span class=\"bumpedFont17\">8<\/span><\/span><span class=\"s3\"><span class=\"bumpedFont17\">8.000,00<\/span><\/span><span class=\"s3\"><span class=\"bumpedFont17\">&#8211; <\/span><\/span><span class=\"s3\"><span class=\"bumpedFont17\">Vig\u00eancia: <\/span><\/span><span class=\"s3\"><span class=\"bumpedFont17\">02<\/span><\/span><span class=\"s3\"><span class=\"bumpedFont17\"> meses<\/span><\/span> <span class=\"s3\"><span class=\"bumpedFont17\">&#8211; <\/span><\/span><span class=\"s3\"><span class=\"bumpedFont17\">Dot<\/span><\/span> <span class=\"s3\"><span class=\"bumpedFont17\">or\u00e7<\/span><\/span><span class=\"s3\"><span class=\"bumpedFont17\">:<\/span><\/span><span class=\"s3\"><span class=\"bumpedFont17\">02.002.000.04.122.0002.2017.339039.00\/150- <\/span><\/span><span class=\"s3\"><span class=\"bumpedFont17\">Ass<\/span><\/span><span class=\"s3\"><span class=\"bumpedFont17\">:<\/span><\/span> <span class=\"s3\"><span class=\"bumpedFont17\">14<\/span><\/span><span class=\"s3\"><span class=\"bumpedFont17\">\/11\/2024<\/span><\/span> <span class=\"s3\"><span class=\"bumpedFont17\">&#8211; Foro: S\u00e3o Jo\u00e3o Nepomuceno\/MG.<\/span><\/span><\/p>\n<p class=\"s4\">\n<p class=\"s4\">\n<p class=\"s4\">\n<p class=\"s4\">\n<p class=\"s2\">\n<p class=\"s2\"><span class=\"s3\"><span class=\"bumpedFont17\">Marcos de Ara\u00fajo Lima<\/span><\/span><\/p>\n<p class=\"s2\"><span class=\"s3\"><span class=\"bumpedFont17\">Prefeito <\/span><\/span><span class=\"s3\"><span class=\"bumpedFont17\">Municipal <\/span><\/span><\/p>\n<p class=\"s2\">\n","protected":false},"excerpt":{"rendered":"<p>EXTRATO DE CONTRATO Pref. Municipal de Descoberto x Cigma Solu\u00e7\u00f5es Integradas para Administra\u00e7\u00e3o P\u00fablica Ltda &#8211; Objeto: Contrata\u00e7\u00e3o de empresa para prestra\u00e7\u00e3o de servi\u00e7os de reorganiza\u00e7\u00e3o patrimonial, levantamento f\u00edsico completo, cataloga\u00e7\u00e3o, mensura\u00e7\u00e3o, avalia\u00e7\u00e3o de ajustes, defini\u00e7\u00e3o de valores residual, deprecia\u00e7\u00e3o, amortiza\u00e7\u00e3o, etiquetamento, elabora\u00e7\u00e3o de registro fotogr\u00e1fico, elabora\u00e7\u00e3o de relat\u00f3rios inclusive dos inserv\u00edveis, de todos os [&hellip;]<\/p>\n","protected":false},"author":246,"featured_media":0,"comment_status":"closed","ping_status":"closed","sticky":false,"template":"","format":"standard","meta":{"footnotes":""},"categories":[307],"tags":[],"class_list":["post-225459","post","type-post","status-publish","format-standard","hentry","category-editais"],"_links":{"self":[{"href":"https:\/\/diarioregionaldigital.com.br\/index.php?rest_route=\/wp\/v2\/posts\/225459","targetHints":{"allow":["GET"]}}],"collection":[{"href":"https:\/\/diarioregionaldigital.com.br\/index.php?rest_route=\/wp\/v2\/posts"}],"about":[{"href":"https:\/\/diarioregionaldigital.com.br\/index.php?rest_route=\/wp\/v2\/types\/post"}],"author":[{"embeddable":true,"href":"https:\/\/diarioregionaldigital.com.br\/index.php?rest_route=\/wp\/v2\/users\/246"}],"replies":[{"embeddable":true,"href":"https:\/\/diarioregionaldigital.com.br\/index.php?rest_route=%2Fwp%2Fv2%2Fcomments&post=225459"}],"version-history":[{"count":1,"href":"https:\/\/diarioregionaldigital.com.br\/index.php?rest_route=\/wp\/v2\/posts\/225459\/revisions"}],"predecessor-version":[{"id":225460,"href":"https:\/\/diarioregionaldigital.com.br\/index.php?rest_route=\/wp\/v2\/posts\/225459\/revisions\/225460"}],"wp:attachment":[{"href":"https:\/\/diarioregionaldigital.com.br\/index.php?rest_route=%2Fwp%2Fv2%2Fmedia&parent=225459"}],"wp:term":[{"taxonomy":"category","embeddable":true,"href":"https:\/\/diarioregionaldigital.com.br\/index.php?rest_route=%2Fwp%2Fv2%2Fcategories&post=225459"},{"taxonomy":"post_tag","embeddable":true,"href":"https:\/\/diarioregionaldigital.com.br\/index.php?rest_route=%2Fwp%2Fv2%2Ftags&post=225459"}],"curies":[{"name":"wp","href":"https:\/\/api.w.org\/{rel}","templated":true}]}}