{"id":225457,"date":"2024-11-15T04:07:24","date_gmt":"2024-11-15T07:07:24","guid":{"rendered":"https:\/\/diarioregionaldigital.com.br\/?p=225457"},"modified":"2024-11-15T04:07:24","modified_gmt":"2024-11-15T07:07:24","slug":"extrato-de-contrato-084-15-11-2024","status":"publish","type":"post","link":"https:\/\/diarioregionaldigital.com.br\/?p=225457","title":{"rendered":"EXTRATO DE CONTRATO 084 &#8211; 15\/11\/2024"},"content":{"rendered":"<p class=\"s2\">\n<p class=\"s2\"><span class=\"s3\"><span class=\"bumpedFont17\">EXTRATO DE CONTRATO<\/span><\/span><\/p>\n<p class=\"s2\">\n<p class=\"s4\"><span class=\"s3\"><span class=\"bumpedFont17\">Pref. Municipal de Descoberto x<\/span><\/span> <span class=\"s3\"><span class=\"bumpedFont17\">Dhog<\/span><\/span><span class=\"s3\"><span class=\"bumpedFont17\"> Solu\u00e7\u00f5es Digitais<\/span><\/span><span class=\"s3\"><span class=\"bumpedFont17\"> Ltda<\/span><\/span> <span class=\"s3\"><span class=\"bumpedFont17\">&#8211; Objeto:<\/span><\/span><span class=\"s3\"><span class=\"bumpedFont17\">Contrata\u00e7\u00e3o de empresa especializada na presta\u00e7\u00e3o de servi\u00e7os de gest\u00e3o de documenta\u00e7\u00e3o de informa\u00e7\u00f5es e digitaliza\u00e7\u00e3o de documentos, incluindo escaneamento, tratamento das imagens, reconhecimento \u00f3tico dos caracteres, indexa\u00e7\u00e3o eletr\u00f4nica, armazenamento em software de gerenciamento eletr\u00f4nico (<\/span><\/span><span class=\"s3\"><span class=\"bumpedFont17\">ged<\/span><\/span><span class=\"s3\"><span class=\"bumpedFont17\">) 100% web, com utiliza\u00e7\u00e3o de cloud <\/span><\/span><span class=\"s3\"><span class=\"bumpedFont17\">computing<\/span><\/span><span class=\"s3\"><span class=\"bumpedFont17\"> (armazenamento em nuvem) e disponibiliza\u00e7\u00e3o de aplicativo (app) para consultar, pesquisar, compartilhar e imprimir os documentos nas plataformas <\/span><\/span><span class=\"s3\"><span class=\"bumpedFont17\">ios<\/span><\/span><span class=\"s3\"><span class=\"bumpedFont17\">e <\/span><\/span><span class=\"s3\"><span class=\"bumpedFont17\">android<\/span><\/span><span class=\"s3\"><span class=\"bumpedFont17\">, com acesso aos dados vital\u00edcio, compreendendo acervo documental da Prefeitura Municipal de Descoberto\/MG que se encontram no pr\u00e9dio central, referente ao per\u00edodo de 2021 a 2024.<\/span><\/span><span class=\"s3\"><span class=\"bumpedFont17\"> &#8211; <\/span><\/span><span class=\"s3\"><span class=\"bumpedFont17\">Fundamento:<\/span><\/span> <span class=\"s3\"><span class=\"bumpedFont17\">Dispensa Presencial<\/span><\/span> <span class=\"s3\"><span class=\"bumpedFont17\">n\u00ba <\/span><\/span><span class=\"s3\"><span class=\"bumpedFont17\">0<\/span><\/span><span class=\"s3\"><span class=\"bumpedFont17\">2<\/span><\/span><span class=\"s3\"><span class=\"bumpedFont17\">5<\/span><\/span><span class=\"s3\"><span class=\"bumpedFont17\">\/<\/span><\/span><span class=\"s3\"><span class=\"bumpedFont17\">2024<\/span><\/span> <span class=\"s3\"><span class=\"bumpedFont17\">&#8211; <\/span><\/span><span class=\"s3\"><span class=\"bumpedFont17\">Valor Global: <\/span><\/span><span class=\"s3\"><span class=\"bumpedFont17\">R$<\/span><\/span><span class=\"s3\"><span class=\"bumpedFont17\">58.000,00<\/span><\/span><span class=\"s3\"><span class=\"bumpedFont17\">&#8211; <\/span><\/span><span class=\"s3\"><span class=\"bumpedFont17\">Vig\u00eancia: <\/span><\/span><span class=\"s3\"><span class=\"bumpedFont17\">12 meses<\/span><\/span> <span class=\"s3\"><span class=\"bumpedFont17\">&#8211; <\/span><\/span><span class=\"s3\"><span class=\"bumpedFont17\">Dot<\/span><\/span> <span class=\"s3\"><span class=\"bumpedFont17\">or\u00e7<\/span><\/span><span class=\"s3\"><span class=\"bumpedFont17\">:<\/span><\/span><span class=\"s3\"><span class=\"bumpedFont17\">02.002.000.04.122.0002.2017.339039.00\/150- <\/span><\/span><span class=\"s3\"><span class=\"bumpedFont17\">Ass<\/span><\/span><span class=\"s3\"><span class=\"bumpedFont17\">:<\/span><\/span> <span class=\"s3\"><span class=\"bumpedFont17\">14<\/span><\/span><span class=\"s3\"><span class=\"bumpedFont17\">\/11\/2024<\/span><\/span> <span class=\"s3\"><span class=\"bumpedFont17\">&#8211; Foro: S\u00e3o Jo\u00e3o Nepomuceno\/MG.<\/span><\/span><\/p>\n<p class=\"s4\">\n<p class=\"s4\">\n<p class=\"s4\">\n<p class=\"s4\">\n<p class=\"s2\">\n<p class=\"s2\"><span class=\"s3\"><span class=\"bumpedFont17\">Marcos de Ara\u00fajo Lima<\/span><\/span><\/p>\n<p class=\"s2\"><span class=\"s3\"><span class=\"bumpedFont17\">Prefeito <\/span><\/span><span class=\"s3\"><span class=\"bumpedFont17\">Municipal<\/span><\/span><\/p>\n","protected":false},"excerpt":{"rendered":"<p>EXTRATO DE CONTRATO Pref. Municipal de Descoberto x Dhog Solu\u00e7\u00f5es Digitais Ltda &#8211; Objeto:Contrata\u00e7\u00e3o de empresa especializada na presta\u00e7\u00e3o de servi\u00e7os de gest\u00e3o de documenta\u00e7\u00e3o de informa\u00e7\u00f5es e digitaliza\u00e7\u00e3o de documentos, incluindo escaneamento, tratamento das imagens, reconhecimento \u00f3tico dos caracteres, indexa\u00e7\u00e3o eletr\u00f4nica, armazenamento em software de gerenciamento eletr\u00f4nico (ged) 100% web, com utiliza\u00e7\u00e3o de cloud [&hellip;]<\/p>\n","protected":false},"author":246,"featured_media":0,"comment_status":"closed","ping_status":"closed","sticky":false,"template":"","format":"standard","meta":{"footnotes":""},"categories":[307],"tags":[],"class_list":["post-225457","post","type-post","status-publish","format-standard","hentry","category-editais"],"_links":{"self":[{"href":"https:\/\/diarioregionaldigital.com.br\/index.php?rest_route=\/wp\/v2\/posts\/225457","targetHints":{"allow":["GET"]}}],"collection":[{"href":"https:\/\/diarioregionaldigital.com.br\/index.php?rest_route=\/wp\/v2\/posts"}],"about":[{"href":"https:\/\/diarioregionaldigital.com.br\/index.php?rest_route=\/wp\/v2\/types\/post"}],"author":[{"embeddable":true,"href":"https:\/\/diarioregionaldigital.com.br\/index.php?rest_route=\/wp\/v2\/users\/246"}],"replies":[{"embeddable":true,"href":"https:\/\/diarioregionaldigital.com.br\/index.php?rest_route=%2Fwp%2Fv2%2Fcomments&post=225457"}],"version-history":[{"count":1,"href":"https:\/\/diarioregionaldigital.com.br\/index.php?rest_route=\/wp\/v2\/posts\/225457\/revisions"}],"predecessor-version":[{"id":225458,"href":"https:\/\/diarioregionaldigital.com.br\/index.php?rest_route=\/wp\/v2\/posts\/225457\/revisions\/225458"}],"wp:attachment":[{"href":"https:\/\/diarioregionaldigital.com.br\/index.php?rest_route=%2Fwp%2Fv2%2Fmedia&parent=225457"}],"wp:term":[{"taxonomy":"category","embeddable":true,"href":"https:\/\/diarioregionaldigital.com.br\/index.php?rest_route=%2Fwp%2Fv2%2Fcategories&post=225457"},{"taxonomy":"post_tag","embeddable":true,"href":"https:\/\/diarioregionaldigital.com.br\/index.php?rest_route=%2Fwp%2Fv2%2Ftags&post=225457"}],"curies":[{"name":"wp","href":"https:\/\/api.w.org\/{rel}","templated":true}]}}