{"id":225454,"date":"2024-11-14T19:46:11","date_gmt":"2024-11-14T22:46:11","guid":{"rendered":"https:\/\/diarioregionaldigital.com.br\/?p=225454"},"modified":"2024-11-14T19:46:11","modified_gmt":"2024-11-14T22:46:11","slug":"linhas-513-514-516-e-701-tem-desvio-para-realizacao-de-eventos-e-obras-nesta-sexta-15-e-sabado-16","status":"publish","type":"post","link":"https:\/\/diarioregionaldigital.com.br\/?p=225454","title":{"rendered":"Linhas 513, 514, 516 e 701 t\u00eam desvio para realiza\u00e7\u00e3o de eventos e obras nesta sexta, 15, e s\u00e1bado, 16"},"content":{"rendered":"<p>Segundo informa\u00e7\u00f5es do site da Prefeitura de Juiz de Fora (PJF), nesta sexta-feira, 15, feriado de Proclama\u00e7\u00e3o da Rep\u00fablica, a Cesama vai realizar uma obra de manuten\u00e7\u00e3o da rede de esgoto na Rua Guilherme Debussy entre as Ruas Dr. Euvaldo Lodi e Augusto Thielman, no hor\u00e1rio entre 7h e 18h. Por este motivo, as linhas 513 (Borboleta), 514 (Borboleta) e 516 (S\u00e3o Pedro \u2013 Via Borboleta) ser\u00e3o desviadas durante os trabalhos.<\/p>\n<p>&nbsp;<\/p>\n<div>J\u00e1 no s\u00e1bado, 16, devido a um evento de lazer, a linha 701 \u2013 J\u00f3quei Clube ser\u00e1 desviada em fun\u00e7\u00e3o da interdi\u00e7\u00e3o da Rua Don\u00e1 Ambrosina Nunes Lima, entre 15h e 22h.<\/div>\n<p>&nbsp;<\/p>\n<div>Confira abaixo os desvios:<\/div>\n<p>&nbsp;<\/p>\n<div>&#8211; Linha: 513<\/div>\n<p>&nbsp;<\/p>\n<div>Borboleta\/Centro: &#8230;Rua Humberto Menini, Rua Irm\u00e3o Menrado, Rua S\u00e3o Cosme&#8230;<\/div>\n<p>&nbsp;<\/p>\n<div>Centro\/Borboleta: Sem altera\u00e7\u00e3o.<\/div>\n<p>&nbsp;<\/p>\n<div>&#8211; Linha: 514<\/div>\n<p>&nbsp;<\/p>\n<div>Cascatinha\/Borboleta: Sem altera\u00e7\u00e3o.<\/div>\n<p>&nbsp;<\/p>\n<div>Borboleta\/Cascatinha: \u2026Rua Augusto Thielmann, Rua Jos\u00e9 Louren\u00e7o&#8230;<\/div>\n<div>&#8211; Linha: 516<\/div>\n<p>&nbsp;<\/p>\n<div>S\u00e3o Pedro\/ Via Borboleta: &#8230;Rua Augusto Thielmann, Rua Jos\u00e9 Louren\u00e7o, Rua J\u00falio Menine&#8230;<\/div>\n<p>&nbsp;<\/p>\n<div>Borboleta\/S\u00e3o Pedro: \u2026Rua J\u00falio Menine, Rua Jos\u00e9 Louren\u00e7o, Rua Augusto Thielmann\u2026<\/div>\n<p>&nbsp;<\/p>\n<div>&#8211; Linha: 701<\/div>\n<p>&nbsp;<\/p>\n<div>Bairro\/Centro: &#8230;Rua Jos\u00e9 Bas\u00edlio da Costa, Rua Major Jos\u00e9 Teixeira&#8230;<\/div>\n<p>&nbsp;<\/p>\n<div>Centro\/bairro: \u2026Rua Don\u00e1 Ambrosina Nunes Lima, Rua Major Jos\u00e9 Teixeira, Rua Jos\u00e9 Bas\u00edlio da Costa&#8230;<\/div>\n","protected":false},"excerpt":{"rendered":"<p>Segundo informa\u00e7\u00f5es do site da Prefeitura de Juiz de Fora (PJF), nesta sexta-feira, 15, feriado de Proclama\u00e7\u00e3o da Rep\u00fablica, a Cesama vai realizar uma obra de manuten\u00e7\u00e3o da rede de esgoto na Rua Guilherme Debussy entre as Ruas Dr. Euvaldo Lodi e Augusto Thielman, no hor\u00e1rio entre 7h e 18h. Por este motivo, as linhas [&hellip;]<\/p>\n","protected":false},"author":246,"featured_media":225455,"comment_status":"closed","ping_status":"closed","sticky":false,"template":"","format":"standard","meta":{"footnotes":""},"categories":[253,436,440,439],"tags":[],"class_list":["post-225454","post","type-post","status-publish","format-standard","has-post-thumbnail","hentry","category-cidade","category-destaque-da-semana","category-destaques-do-dia","category-ultima-hora"],"_links":{"self":[{"href":"https:\/\/diarioregionaldigital.com.br\/index.php?rest_route=\/wp\/v2\/posts\/225454","targetHints":{"allow":["GET"]}}],"collection":[{"href":"https:\/\/diarioregionaldigital.com.br\/index.php?rest_route=\/wp\/v2\/posts"}],"about":[{"href":"https:\/\/diarioregionaldigital.com.br\/index.php?rest_route=\/wp\/v2\/types\/post"}],"author":[{"embeddable":true,"href":"https:\/\/diarioregionaldigital.com.br\/index.php?rest_route=\/wp\/v2\/users\/246"}],"replies":[{"embeddable":true,"href":"https:\/\/diarioregionaldigital.com.br\/index.php?rest_route=%2Fwp%2Fv2%2Fcomments&post=225454"}],"version-history":[{"count":1,"href":"https:\/\/diarioregionaldigital.com.br\/index.php?rest_route=\/wp\/v2\/posts\/225454\/revisions"}],"predecessor-version":[{"id":225456,"href":"https:\/\/diarioregionaldigital.com.br\/index.php?rest_route=\/wp\/v2\/posts\/225454\/revisions\/225456"}],"wp:featuredmedia":[{"embeddable":true,"href":"https:\/\/diarioregionaldigital.com.br\/index.php?rest_route=\/wp\/v2\/media\/225455"}],"wp:attachment":[{"href":"https:\/\/diarioregionaldigital.com.br\/index.php?rest_route=%2Fwp%2Fv2%2Fmedia&parent=225454"}],"wp:term":[{"taxonomy":"category","embeddable":true,"href":"https:\/\/diarioregionaldigital.com.br\/index.php?rest_route=%2Fwp%2Fv2%2Fcategories&post=225454"},{"taxonomy":"post_tag","embeddable":true,"href":"https:\/\/diarioregionaldigital.com.br\/index.php?rest_route=%2Fwp%2Fv2%2Ftags&post=225454"}],"curies":[{"name":"wp","href":"https:\/\/api.w.org\/{rel}","templated":true}]}}