{"id":225439,"date":"2024-11-14T00:40:11","date_gmt":"2024-11-14T03:40:11","guid":{"rendered":"https:\/\/diarioregionaldigital.com.br\/?p=225439"},"modified":"2024-11-14T00:40:11","modified_gmt":"2024-11-14T03:40:11","slug":"extrato-de-contrato-083-14-11-2024","status":"publish","type":"post","link":"https:\/\/diarioregionaldigital.com.br\/?p=225439","title":{"rendered":"EXTRATO DE CONTRATO 083 &#8211; 14\/11\/2024"},"content":{"rendered":"<p class=\"s2\">\n<p class=\"s2\"><span class=\"s3\"><span class=\"bumpedFont17\">EXTRATO DE CONTRATO<\/span><\/span><\/p>\n<p class=\"s2\">\n<p class=\"s4\"><span class=\"s3\"><span class=\"bumpedFont17\">Pref. Municipal de Descoberto x<\/span><\/span> <span class=\"s3\"><span class=\"bumpedFont17\">Comercial Paes<\/span><\/span><span class=\"s3\"><span class=\"bumpedFont17\"> Ltda<\/span><\/span> <span class=\"s3\"><span class=\"bumpedFont17\">&#8211; Objeto: <\/span><\/span><span class=\"s3\"><span class=\"bumpedFont17\">C<\/span><\/span><span class=\"s3\"><span class=\"bumpedFont17\">ontrata\u00e7\u00e3o direta de empresa para fornecimento de camas <\/span><\/span><span class=\"s3\"><span class=\"bumpedFont17\">slim<\/span><\/span><span class=\"s3\"><span class=\"bumpedFont17\">empilh\u00e1vel<\/span><\/span><span class=\"s3\"><span class=\"bumpedFont17\"> para proporcionar um maior conforto e estabilidade \u00e0s crian\u00e7as que frequentam a Creche do munic\u00edpio, para atender as necessidades da Secretaria Municipal de Educa\u00e7\u00e3o<\/span><\/span> <span class=\"s3\"><span class=\"bumpedFont17\">&#8211; <\/span><\/span><span class=\"s3\"><span class=\"bumpedFont17\">Fundamento:<\/span><\/span><span class=\"s3\"><span class=\"bumpedFont17\">Dispensa Presencial<\/span><\/span> <span class=\"s3\"><span class=\"bumpedFont17\">n\u00ba <\/span><\/span><span class=\"s3\"><span class=\"bumpedFont17\">0<\/span><\/span><span class=\"s3\"><span class=\"bumpedFont17\">2<\/span><\/span><span class=\"s3\"><span class=\"bumpedFont17\">6<\/span><\/span><span class=\"s3\"><span class=\"bumpedFont17\">\/<\/span><\/span><span class=\"s3\"><span class=\"bumpedFont17\">2024<\/span><\/span> <span class=\"s3\"><span class=\"bumpedFont17\">&#8211; <\/span><\/span><span class=\"s3\"><span class=\"bumpedFont17\">Valor Global: <\/span><\/span><span class=\"s3\"><span class=\"bumpedFont17\">R$<\/span><\/span> <span class=\"s3\"><span class=\"bumpedFont17\">6<\/span><\/span><span class=\"s3\"><span class=\"bumpedFont17\">.<\/span><\/span><span class=\"s3\"><span class=\"bumpedFont17\">9<\/span><\/span><span class=\"s3\"><span class=\"bumpedFont17\">00,00<\/span><\/span> <span class=\"s3\"><span class=\"bumpedFont17\">&#8211; <\/span><\/span><span class=\"s3\"><span class=\"bumpedFont17\">Vig\u00eancia: <\/span><\/span><span class=\"s3\"><span class=\"bumpedFont17\">0<\/span><\/span><span class=\"s3\"><span class=\"bumpedFont17\">1 m\u00eas <\/span><\/span><span class=\"s3\"><span class=\"bumpedFont17\">&#8211; <\/span><\/span><span class=\"s3\"><span class=\"bumpedFont17\">Dot<\/span><\/span> <span class=\"s3\"><span class=\"bumpedFont17\">or\u00e7<\/span><\/span><span class=\"s3\"><span class=\"bumpedFont17\">:<\/span><\/span> <span class=\"s3\"><span class=\"bumpedFont17\">02.004.001.12.0002.2032.449052.00\/150<\/span><\/span><span class=\"s3\"><span class=\"bumpedFont17\">&#8211; <\/span><\/span><span class=\"s3\"><span class=\"bumpedFont17\">Ass<\/span><\/span><span class=\"s3\"><span class=\"bumpedFont17\">:<\/span><\/span> <span class=\"s3\"><span class=\"bumpedFont17\">14<\/span><\/span><span class=\"s3\"><span class=\"bumpedFont17\">\/11\/2024<\/span><\/span> <span class=\"s3\"><span class=\"bumpedFont17\">&#8211; Foro: S\u00e3o Jo\u00e3o Nepomuceno\/MG.<\/span><\/span><\/p>\n<p class=\"s4\">\n<p class=\"s4\">\n<p class=\"s4\">\n<p class=\"s4\">\n<p class=\"s2\">\n<p class=\"s2\"><span class=\"s3\"><span class=\"bumpedFont17\">Marcos de Ara\u00fajo Lima<\/span><\/span><\/p>\n<p class=\"s2\"><span class=\"s3\"><span class=\"bumpedFont17\">Prefeito <\/span><\/span><span class=\"s3\"><span class=\"bumpedFont17\">Municipal <\/span><\/span><\/p>\n<p class=\"s5\">\u200b<\/p>\n","protected":false},"excerpt":{"rendered":"<p>EXTRATO DE CONTRATO Pref. Municipal de Descoberto x Comercial Paes Ltda &#8211; Objeto: Contrata\u00e7\u00e3o direta de empresa para fornecimento de camas slimempilh\u00e1vel para proporcionar um maior conforto e estabilidade \u00e0s crian\u00e7as que frequentam a Creche do munic\u00edpio, para atender as necessidades da Secretaria Municipal de Educa\u00e7\u00e3o &#8211; Fundamento:Dispensa Presencial n\u00ba 026\/2024 &#8211; Valor Global: R$ [&hellip;]<\/p>\n","protected":false},"author":246,"featured_media":0,"comment_status":"closed","ping_status":"closed","sticky":false,"template":"","format":"standard","meta":{"footnotes":""},"categories":[307],"tags":[],"class_list":["post-225439","post","type-post","status-publish","format-standard","hentry","category-editais"],"_links":{"self":[{"href":"https:\/\/diarioregionaldigital.com.br\/index.php?rest_route=\/wp\/v2\/posts\/225439","targetHints":{"allow":["GET"]}}],"collection":[{"href":"https:\/\/diarioregionaldigital.com.br\/index.php?rest_route=\/wp\/v2\/posts"}],"about":[{"href":"https:\/\/diarioregionaldigital.com.br\/index.php?rest_route=\/wp\/v2\/types\/post"}],"author":[{"embeddable":true,"href":"https:\/\/diarioregionaldigital.com.br\/index.php?rest_route=\/wp\/v2\/users\/246"}],"replies":[{"embeddable":true,"href":"https:\/\/diarioregionaldigital.com.br\/index.php?rest_route=%2Fwp%2Fv2%2Fcomments&post=225439"}],"version-history":[{"count":1,"href":"https:\/\/diarioregionaldigital.com.br\/index.php?rest_route=\/wp\/v2\/posts\/225439\/revisions"}],"predecessor-version":[{"id":225440,"href":"https:\/\/diarioregionaldigital.com.br\/index.php?rest_route=\/wp\/v2\/posts\/225439\/revisions\/225440"}],"wp:attachment":[{"href":"https:\/\/diarioregionaldigital.com.br\/index.php?rest_route=%2Fwp%2Fv2%2Fmedia&parent=225439"}],"wp:term":[{"taxonomy":"category","embeddable":true,"href":"https:\/\/diarioregionaldigital.com.br\/index.php?rest_route=%2Fwp%2Fv2%2Fcategories&post=225439"},{"taxonomy":"post_tag","embeddable":true,"href":"https:\/\/diarioregionaldigital.com.br\/index.php?rest_route=%2Fwp%2Fv2%2Ftags&post=225439"}],"curies":[{"name":"wp","href":"https:\/\/api.w.org\/{rel}","templated":true}]}}