{"id":225432,"date":"2024-11-13T19:40:44","date_gmt":"2024-11-13T22:40:44","guid":{"rendered":"https:\/\/diarioregionaldigital.com.br\/?p=225432"},"modified":"2024-11-13T19:40:44","modified_gmt":"2024-11-13T22:40:44","slug":"pjf-realiza-23o-festival-das-escolas-municipais-de-danca-educacao","status":"publish","type":"post","link":"https:\/\/diarioregionaldigital.com.br\/?p=225432","title":{"rendered":"PJF realiza 23\u00ba Festival das Escolas Municipais de Dan\u00e7a Educa\u00e7\u00e3o"},"content":{"rendered":"<p>Segundo informa\u00e7\u00f5es do site da Prefeitura de Juiz de Fora (PJF), a PJF, atrav\u00e9s da Secretaria de Esporte e Lazer (SEL), em parceria com a Secretaria de Educa\u00e7\u00e3o, vai realizar no domingo, 17, o 23\u00ba Festival das Escolas Municipais de Dan\u00e7a Educa\u00e7\u00e3o (Femde). O evento ser\u00e1 \u00e0s 16h, no Cine Theatro Central. Ao todo, ser\u00e3o 13 apresenta\u00e7\u00f5es com a participa\u00e7\u00e3o de 420 alunos, com atua\u00e7\u00e3o de 12 professores especializados de 11 escolas municipais:\u00a0 Professora N\u00fabia Pereira de Magalh\u00e3es Gomes, Professor Helyon de Oliveira, Bom Pastor, Rocha Pombo, Carlos Drummond de Andrade, Dom Justino Jos\u00e9 de Santana, Ipiranga, Mar\u00edlia de Dirceu, Murilo Mendes, Oscar Schimidt e\u00a0 Vereador Raymundo Hargreaves.<\/p>\n<p>&nbsp;<\/p>\n<p>O Femde acontece desde 1999 e foi idealizado e criado por cinco professoras de Educa\u00e7\u00e3o F\u00edsica da Rede Municipal de Ensino de Juiz de Fora. Desde ent\u00e3o, o Festival de Dan\u00e7a foi mantido com a proposta organizacional de divulgar o trabalho de dan\u00e7a desenvolvido nas escolas municipais de Juiz de Fora; Incentivar e valorizar a linguagem corporal como meio para produzir, expressar e comunicar ideias interpretando e usufruindo das produ\u00e7\u00f5es culturais; Fortalecer a Dan\u00e7a Educa\u00e7\u00e3o em Juiz de Fora; e Popularizar o acesso ao Cine Theatro Central, permitindo que estudantes da rede municipal de ensino possam adentrar no teatro como p\u00fablico e como artista.<\/p>\n","protected":false},"excerpt":{"rendered":"<p>Segundo informa\u00e7\u00f5es do site da Prefeitura de Juiz de Fora (PJF), a PJF, atrav\u00e9s da Secretaria de Esporte e Lazer (SEL), em parceria com a Secretaria de Educa\u00e7\u00e3o, vai realizar no domingo, 17, o 23\u00ba Festival das Escolas Municipais de Dan\u00e7a Educa\u00e7\u00e3o (Femde). O evento ser\u00e1 \u00e0s 16h, no Cine Theatro Central. Ao todo, ser\u00e3o [&hellip;]<\/p>\n","protected":false},"author":246,"featured_media":225433,"comment_status":"closed","ping_status":"closed","sticky":false,"template":"","format":"standard","meta":{"footnotes":""},"categories":[253,436,440,439],"tags":[],"class_list":["post-225432","post","type-post","status-publish","format-standard","has-post-thumbnail","hentry","category-cidade","category-destaque-da-semana","category-destaques-do-dia","category-ultima-hora"],"_links":{"self":[{"href":"https:\/\/diarioregionaldigital.com.br\/index.php?rest_route=\/wp\/v2\/posts\/225432","targetHints":{"allow":["GET"]}}],"collection":[{"href":"https:\/\/diarioregionaldigital.com.br\/index.php?rest_route=\/wp\/v2\/posts"}],"about":[{"href":"https:\/\/diarioregionaldigital.com.br\/index.php?rest_route=\/wp\/v2\/types\/post"}],"author":[{"embeddable":true,"href":"https:\/\/diarioregionaldigital.com.br\/index.php?rest_route=\/wp\/v2\/users\/246"}],"replies":[{"embeddable":true,"href":"https:\/\/diarioregionaldigital.com.br\/index.php?rest_route=%2Fwp%2Fv2%2Fcomments&post=225432"}],"version-history":[{"count":1,"href":"https:\/\/diarioregionaldigital.com.br\/index.php?rest_route=\/wp\/v2\/posts\/225432\/revisions"}],"predecessor-version":[{"id":225434,"href":"https:\/\/diarioregionaldigital.com.br\/index.php?rest_route=\/wp\/v2\/posts\/225432\/revisions\/225434"}],"wp:featuredmedia":[{"embeddable":true,"href":"https:\/\/diarioregionaldigital.com.br\/index.php?rest_route=\/wp\/v2\/media\/225433"}],"wp:attachment":[{"href":"https:\/\/diarioregionaldigital.com.br\/index.php?rest_route=%2Fwp%2Fv2%2Fmedia&parent=225432"}],"wp:term":[{"taxonomy":"category","embeddable":true,"href":"https:\/\/diarioregionaldigital.com.br\/index.php?rest_route=%2Fwp%2Fv2%2Fcategories&post=225432"},{"taxonomy":"post_tag","embeddable":true,"href":"https:\/\/diarioregionaldigital.com.br\/index.php?rest_route=%2Fwp%2Fv2%2Ftags&post=225432"}],"curies":[{"name":"wp","href":"https:\/\/api.w.org\/{rel}","templated":true}]}}