{"id":225429,"date":"2024-11-13T19:29:49","date_gmt":"2024-11-13T22:29:49","guid":{"rendered":"https:\/\/diarioregionaldigital.com.br\/?p=225429"},"modified":"2024-11-13T19:29:49","modified_gmt":"2024-11-13T22:29:49","slug":"brasil-tera-vini-jr-no-lugar-de-rodrygo-em-partida-contra-venezuela","status":"publish","type":"post","link":"https:\/\/diarioregionaldigital.com.br\/?p=225429","title":{"rendered":"Brasil ter\u00e1 Vini Jr no lugar de Rodrygo em partida contra Venezuela"},"content":{"rendered":"<p>A novidade na escala\u00e7\u00e3o da sele\u00e7\u00e3o brasileira para o duelo contra a Venezuela pelas Eliminat\u00f3rias nesta quinta-feira (14) ser\u00e1 a presen\u00e7a do atacante Vinicius J\u00fanior no lugar de Rodrygo, cortado por les\u00e3o muscular. Nesta quarta (13), em Bel\u00e9m (PA), o t\u00e9cnico Dorival J\u00fanior adiantou os relacionados para o duelo contra os venezuelanos, que receber\u00e3o a sele\u00e7\u00e3o brasileira no Monumental de Matur\u00edn, \u00e0s 18h (hor\u00e1rio de Bras\u00edlia). O treinador revelou que levar\u00e1 a campo o\u00a0<a href=\"https:\/\/agenciabrasil.ebc.com.br\/esportes\/noticia\/2024-10\/luiz-henrique-marca-e-brasil-derrota-selecao-peruana-em-brasilia\"><strong>time que goleou o Peru (4 a 0)<\/strong><\/a>\u00a0no fim do m\u00eas passado.<img decoding=\"async\" src=\"https:\/\/agenciabrasil.ebc.com.br\/ebc.png?id=1619407&amp;o=node\" \/><img decoding=\"async\" src=\"https:\/\/agenciabrasil.ebc.com.br\/ebc.gif?id=1619407&amp;o=node\" \/><\/p>\n<p>\u201cEst\u00e1 mantida a equipe que iniciou a partida anterior com a entrada de Vini Jr no lugar de Rodrygo. J\u00e1 tinha a ideia da repeti\u00e7\u00e3o. N\u00e3o tive d\u00favidas em momento algum. Eu conto com todos eles, s\u00e3o jogadores de muito bom n\u00edvel, que merecem respeito e ter\u00e3o oportunidades\u201d, disse Dorival Jr em entrevista coletiva em Bel\u00e9m (PA), antes do embarque com o time para a Venezuela.<\/p>\n<p>O Brasil ocupa a quarta posi\u00e7\u00e3o na tabela (s\u00e3o ao todo 10 sele\u00e7\u00f5es nas Eliminat\u00f3rias) ao somar 16 pontos, enquanto a Venezuela \u00e9 a oitava colocada, com 11, a dois pontos de entrar na zona de classifica\u00e7\u00e3o. Mas a dist\u00e2ncia entre um e outro na tabela n\u00e3o ser\u00e1 sin\u00f4nimo de jogo f\u00e1cil. Dorival projeta um jogo dif\u00edcil para a sele\u00e7\u00e3o fora de casa.<\/p>\n<p>&#8220;O futebol venezuelano tem crescido muito nos \u00faltimos anos, com valores espalhados por clubes de todo o mundo. Eles est\u00e3o invictos h\u00e1 cinco jogos, em casa, pelas Eliminat\u00f3rias. Diante de seus torcedores, empataram com Uruguai e Argentina. N\u00e3o vai ser jogo simples. Esque\u00e7am o que foi a Venezuela e a Bol\u00edvia no futebol sul-americano anos atr\u00e1s. Mudou tudo. Apesar disso, tenho convic\u00e7\u00e3o de que vamos fazer dois grandes jogos\u201d, afirmou o treinador, referindo-se ao pr\u00f3ximo jogo do Brasil contra o Uruguai, na pr\u00f3xima ter\u00e7a (19), em Salvador (BA).<\/p>\n<p>O treinador disse ainda que vai aguardar at\u00e9 a pr\u00f3xima sexta (15) para decidir a perman\u00eancia ou n\u00e3o dos jogadores Andr\u00e9 e Guilherme Arana na equipe. Os dois foram poupados dos treinos de hoje (13) por quest\u00f5es m\u00e9dicas.<\/p>\n<p>\u201cUma avalia\u00e7\u00e3o maior ser\u00e1 feita ap\u00f3s a partida da Venezuela para caso necess\u00e1rio tomarmos as posi\u00e7\u00f5es devidas para altera\u00e7\u00e3o. A princ\u00edpio, vamos tentar uma recupera\u00e7\u00e3o pela forma que foram as les\u00f5es\u201d, pontuou o t\u00e9cnico.<\/p>\n<p>Os 23 convocados da sele\u00e7\u00e3o chegaram \u00e0 Bel\u00e9m (PA) na \u00faltima segunda (11), onde participaram de tr\u00eas treinos preparat\u00f3rios no Est\u00e1dio do Mangueir\u00e3o. A recep\u00e7\u00e3o da torcida n\u00e3o passou despercebida pelo treinador.<\/p>\n<p>\u201cO paraense \u00e9 um apaixonado pelo futebol e pela sele\u00e7\u00e3o brasileira. \u00c9 um povo acolhedor e nos sentimos em casa durante esses dias aqui em Bel\u00e9m. A torcida fez festa na recep\u00e7\u00e3o do hotel, esteve sempre nos apoiando\u201d , agradeceu Dorival.<\/p>\n<p>Fonte: Ag\u00eancia Brasil<\/p>\n","protected":false},"excerpt":{"rendered":"<p>A novidade na escala\u00e7\u00e3o da sele\u00e7\u00e3o brasileira para o duelo contra a Venezuela pelas Eliminat\u00f3rias nesta quinta-feira (14) ser\u00e1 a presen\u00e7a do atacante Vinicius J\u00fanior no lugar de Rodrygo, cortado por les\u00e3o muscular. Nesta quarta (13), em Bel\u00e9m (PA), o t\u00e9cnico Dorival J\u00fanior adiantou os relacionados para o duelo contra os venezuelanos, que receber\u00e3o a [&hellip;]<\/p>\n","protected":false},"author":246,"featured_media":225430,"comment_status":"closed","ping_status":"closed","sticky":false,"template":"","format":"standard","meta":{"footnotes":""},"categories":[436,440,257,439],"tags":[],"class_list":["post-225429","post","type-post","status-publish","format-standard","has-post-thumbnail","hentry","category-destaque-da-semana","category-destaques-do-dia","category-esporte","category-ultima-hora"],"_links":{"self":[{"href":"https:\/\/diarioregionaldigital.com.br\/index.php?rest_route=\/wp\/v2\/posts\/225429","targetHints":{"allow":["GET"]}}],"collection":[{"href":"https:\/\/diarioregionaldigital.com.br\/index.php?rest_route=\/wp\/v2\/posts"}],"about":[{"href":"https:\/\/diarioregionaldigital.com.br\/index.php?rest_route=\/wp\/v2\/types\/post"}],"author":[{"embeddable":true,"href":"https:\/\/diarioregionaldigital.com.br\/index.php?rest_route=\/wp\/v2\/users\/246"}],"replies":[{"embeddable":true,"href":"https:\/\/diarioregionaldigital.com.br\/index.php?rest_route=%2Fwp%2Fv2%2Fcomments&post=225429"}],"version-history":[{"count":1,"href":"https:\/\/diarioregionaldigital.com.br\/index.php?rest_route=\/wp\/v2\/posts\/225429\/revisions"}],"predecessor-version":[{"id":225431,"href":"https:\/\/diarioregionaldigital.com.br\/index.php?rest_route=\/wp\/v2\/posts\/225429\/revisions\/225431"}],"wp:featuredmedia":[{"embeddable":true,"href":"https:\/\/diarioregionaldigital.com.br\/index.php?rest_route=\/wp\/v2\/media\/225430"}],"wp:attachment":[{"href":"https:\/\/diarioregionaldigital.com.br\/index.php?rest_route=%2Fwp%2Fv2%2Fmedia&parent=225429"}],"wp:term":[{"taxonomy":"category","embeddable":true,"href":"https:\/\/diarioregionaldigital.com.br\/index.php?rest_route=%2Fwp%2Fv2%2Fcategories&post=225429"},{"taxonomy":"post_tag","embeddable":true,"href":"https:\/\/diarioregionaldigital.com.br\/index.php?rest_route=%2Fwp%2Fv2%2Ftags&post=225429"}],"curies":[{"name":"wp","href":"https:\/\/api.w.org\/{rel}","templated":true}]}}