{"id":225425,"date":"2024-11-13T19:26:40","date_gmt":"2024-11-13T22:26:40","guid":{"rendered":"https:\/\/diarioregionaldigital.com.br\/?p=225425"},"modified":"2024-11-13T19:26:40","modified_gmt":"2024-11-13T22:26:40","slug":"governo-de-minas-entrega-titulos-de-imoveis-na-area-do-projeto-jaiba","status":"publish","type":"post","link":"https:\/\/diarioregionaldigital.com.br\/?p=225425","title":{"rendered":"Governo de Minas entrega t\u00edtulos de im\u00f3veis na \u00e1rea do Projeto Ja\u00edba"},"content":{"rendered":"<p>O Governo de Minas entregou, nesta quarta-feira (13\/11), por meio da\u00a0<a href=\"https:\/\/www.mg.gov.br\/agricultura\" target=\"_blank\" rel=\"noopener\">Secretaria de Agricultura, Pecu\u00e1ria e Abastecimento (Seapa)<\/a>, 29 t\u00edtulos de im\u00f3veis urbanos no munic\u00edpio de Ja\u00edba, no Norte de Minas. \u00c9 a primeira entrega de documentos ap\u00f3s a regulamenta\u00e7\u00e3o da Lei N\u00b0 24.633\/23, que retirou entraves e facilitou o andamento dos procedimentos, com o perd\u00e3o de d\u00edvidas existentes. Mais de 1,4 mil produtores ainda poder\u00e3o ser beneficiados.<\/p>\n<p>A medida engloba posseiros de lotes urbanos ou rurais adquiridos da Funda\u00e7\u00e3o Rural Mineira (Ruralminas), extinta em 2016. A atualiza\u00e7\u00e3o normativa possibilitou a autoriza\u00e7\u00e3o para a anistia ou remiss\u00e3o de d\u00edvidas, quando o Estado n\u00e3o consegue verificar a comprova\u00e7\u00e3o do pagamento dos terrenos devido \u00e0 aus\u00eancia dos documentos originais. Esse era um dos principais gargalos para a emiss\u00e3o de escrituras nos assentamentos que eram da funda\u00e7\u00e3o.<\/p>\n<p>A medida tamb\u00e9m beneficia todos aqueles que vivem e trabalham nos cerca de 20 assentamentos deixados pela Ruralminas, em munic\u00edpios como Jenipapo de Minas, Chapada do Norte, Chapada Ga\u00facha, entre outros. Ap\u00f3s a entrega da minuta de escritura, as pessoas t\u00eam at\u00e9 12 meses para fazer o registro do im\u00f3vel em cart\u00f3rio.<\/p>\n<p>O secret\u00e1rio de Agricultura, Pecu\u00e1ria e Abastecimento, Thales Fernandes, destaca a import\u00e2ncia do documento. \u201cEstamos dando dignidade ao produtor. Com o t\u00edtulo em m\u00e3os, al\u00e9m da seguran\u00e7a jur\u00eddica, ele tem acesso ao cr\u00e9dito rural e \u00e0s pol\u00edticas p\u00fablicas como o Programa Nacional de Alimenta\u00e7\u00e3o Escolar (PNAE) e o Programa de Aquisi\u00e7\u00e3o de Alimentos (PAA). Refor\u00e7o o pedido para que n\u00e3o percam essa oportunidade de ter o t\u00edtulo do seu im\u00f3vel\u201d.<\/p>\n<p>A moradora de Ja\u00edba Nelci Almeida dos Santos destaca a import\u00e2ncia da entrega. \u201cEstava no im\u00f3vel h\u00e1 quase 30 anos sem o documento. Esse trabalho vai ajudar muitas pessoas na mesma situa\u00e7\u00e3o que eu. Estou muito feliz com o t\u00edtulo que estou recebendo hoje\u201d.<\/p>\n<p>O oficial de registro de im\u00f3veis da Comarca de Ja\u00edba e Manga, Frank Lacerda, refor\u00e7a o benef\u00edcio para a comunidade. \u201cA falta de registros \u00e9 um problema antigo e gra\u00e7as \u00e0 administra\u00e7\u00e3o estadual os im\u00f3veis est\u00e3o sendo regularizados\u201d.<\/p>\n<p><strong>Como Proceder<\/strong><\/p>\n<p>Para dar in\u00edcio ao processo de regulariza\u00e7\u00e3o, os produtores de lotes urbanos ou rurais, adquiridos da Ruralminas antes de 2016, devem procurar o escrit\u00f3rio da Secretaria de Agricultura no distrito de Mocambinho, situado na rua H, N\u00b0 27 ou entrar em contato pelo n\u00famero (38) 99116-3038.<\/p>\n<p><strong>Projeto Ja\u00edba<\/strong><\/p>\n<p>Localizado nos munic\u00edpios de Ja\u00edba, Matias Cardoso e Verdel\u00e2ndia, no Norte de Minas, o per\u00edmetro de irriga\u00e7\u00e3o do Ja\u00edba \u00e9 considerado o maior projeto p\u00fablico de irriga\u00e7\u00e3o em \u00e1rea cont\u00ednua da Am\u00e9rica Latina, com a capta\u00e7\u00e3o das \u00e1guas do rio S\u00e3o Francisco.<\/p>\n<p>A fruticultura engloba mais de 20 tipos diferentes de frutas, com destaque para a banana, lim\u00e3o e manga, numa \u00e1rea de quase 12 mil hectares cultivados. Em 2023, a produ\u00e7\u00e3o alcan\u00e7ou mais de 318 mil toneladas, movimentando R$ 381,6 milh\u00f5es. Neste ano, j\u00e1 foram exportadas 753 toneladas de lim\u00e3o para a Uni\u00e3o Europeia.<\/p>\n<p>Minas Gerais \u00e9 o segundo maior produtor de banana do pa\u00eds e tem como diferencial em rela\u00e7\u00e3o aos outros estados a qualidade da sua produ\u00e7\u00e3o. No Norte de Minas, principal regi\u00e3o produtora, a const\u00e2ncia do sol e a temperatura elevada diminuem a incid\u00eancia de pragas e doen\u00e7as, reduzindo a aplica\u00e7\u00e3o de defensivos agr\u00edcolas.<\/p>\n<p>Fonte: Ag\u00eancia Minas<\/p>\n","protected":false},"excerpt":{"rendered":"<p>O Governo de Minas entregou, nesta quarta-feira (13\/11), por meio da\u00a0Secretaria de Agricultura, Pecu\u00e1ria e Abastecimento (Seapa), 29 t\u00edtulos de im\u00f3veis urbanos no munic\u00edpio de Ja\u00edba, no Norte de Minas. \u00c9 a primeira entrega de documentos ap\u00f3s a regulamenta\u00e7\u00e3o da Lei N\u00b0 24.633\/23, que retirou entraves e facilitou o andamento dos procedimentos, com o perd\u00e3o [&hellip;]<\/p>\n","protected":false},"author":246,"featured_media":225427,"comment_status":"closed","ping_status":"closed","sticky":false,"template":"","format":"standard","meta":{"footnotes":""},"categories":[436,261,254,252,439],"tags":[],"class_list":["post-225425","post","type-post","status-publish","format-standard","has-post-thumbnail","hentry","category-destaque-da-semana","category-economia","category-politica","category-regiao","category-ultima-hora"],"_links":{"self":[{"href":"https:\/\/diarioregionaldigital.com.br\/index.php?rest_route=\/wp\/v2\/posts\/225425","targetHints":{"allow":["GET"]}}],"collection":[{"href":"https:\/\/diarioregionaldigital.com.br\/index.php?rest_route=\/wp\/v2\/posts"}],"about":[{"href":"https:\/\/diarioregionaldigital.com.br\/index.php?rest_route=\/wp\/v2\/types\/post"}],"author":[{"embeddable":true,"href":"https:\/\/diarioregionaldigital.com.br\/index.php?rest_route=\/wp\/v2\/users\/246"}],"replies":[{"embeddable":true,"href":"https:\/\/diarioregionaldigital.com.br\/index.php?rest_route=%2Fwp%2Fv2%2Fcomments&post=225425"}],"version-history":[{"count":1,"href":"https:\/\/diarioregionaldigital.com.br\/index.php?rest_route=\/wp\/v2\/posts\/225425\/revisions"}],"predecessor-version":[{"id":225428,"href":"https:\/\/diarioregionaldigital.com.br\/index.php?rest_route=\/wp\/v2\/posts\/225425\/revisions\/225428"}],"wp:featuredmedia":[{"embeddable":true,"href":"https:\/\/diarioregionaldigital.com.br\/index.php?rest_route=\/wp\/v2\/media\/225427"}],"wp:attachment":[{"href":"https:\/\/diarioregionaldigital.com.br\/index.php?rest_route=%2Fwp%2Fv2%2Fmedia&parent=225425"}],"wp:term":[{"taxonomy":"category","embeddable":true,"href":"https:\/\/diarioregionaldigital.com.br\/index.php?rest_route=%2Fwp%2Fv2%2Fcategories&post=225425"},{"taxonomy":"post_tag","embeddable":true,"href":"https:\/\/diarioregionaldigital.com.br\/index.php?rest_route=%2Fwp%2Fv2%2Ftags&post=225425"}],"curies":[{"name":"wp","href":"https:\/\/api.w.org\/{rel}","templated":true}]}}