{"id":225422,"date":"2024-11-13T19:25:02","date_gmt":"2024-11-13T22:25:02","guid":{"rendered":"https:\/\/diarioregionaldigital.com.br\/?p=225422"},"modified":"2024-11-13T19:25:02","modified_gmt":"2024-11-13T22:25:02","slug":"governo-de-minas-inicia-programa-que-da-prioridade-ao-etanol-para-abastecer-a-frota-estadual","status":"publish","type":"post","link":"https:\/\/diarioregionaldigital.com.br\/?p=225422","title":{"rendered":"Governo de Minas inicia programa que d\u00e1 prioridade ao etanol para abastecer a frota estadual"},"content":{"rendered":"<p>O\u00a0<a href=\"https:\/\/www.mg.gov.br\/\" target=\"_blank\" rel=\"noopener\">Governo de Minas<\/a>, por meio da\u00a0<a href=\"https:\/\/www.mg.gov.br\/planejamento\" target=\"_blank\" rel=\"noopener\">Secretaria de Estado de Planejamento e Gest\u00e3o (Seplag-MG)<\/a>, ir\u00e1 substituir gradualmente o abastecimento de sua frota veicular de gasolina para \u00e1lcool. A mudan\u00e7a j\u00e1 come\u00e7ou a ser implementada e faz parte da pol\u00edtica estadual de incentivo ao consumo do etanol, &#8220;Na Hora de Abastecer, Escolha o Etanol&#8221;.<\/p>\n<p>Desde junho de 2024, os \u00f3rg\u00e3os atendidos pela frota estadual foram orientados a priorizar o abastecimento a \u00e1lcool, ao usarem a rede credenciada. Em rela\u00e7\u00e3o aos postos pr\u00f3prios, o pr\u00f3ximo processo licitat\u00f3rio para aquisi\u00e7\u00e3o de combust\u00edveis est\u00e1 sendo feito com prioridade na compra de etanol.<\/p>\n<p>A contrata\u00e7\u00e3o ser\u00e1 realizada por meio de contrato corporativo e a migra\u00e7\u00e3o dos tanques ser\u00e1 efetivada de forma gradual, prevista para come\u00e7ar em dezembro de 2024. Ap\u00f3s a homologa\u00e7\u00e3o da licita\u00e7\u00e3o, os postos do modelo de Gest\u00e3o Total dos Abastecimentos (GTA) que, atualmente, fornecem gasolina, come\u00e7ar\u00e3o a migrar para o etanol.<\/p>\n<figure class=\"image\"><img decoding=\"async\" src=\"https:\/\/www.agenciaminas.mg.gov.br\/ckeditor_assets\/pictures\/21980\/content_infografico_frota_veiculos.png\" alt=\"\" \/><figcaption><em><sub>Seplag-MG \/ Divulga\u00e7\u00e3o<\/sub><\/em><\/figcaption><\/figure>\n<p>A medida abrange as duas formas principais pelas quais os ve\u00edculos da frota estadual s\u00e3o abastecidos: pelos postos pr\u00f3prios do Estado, por meio do modelo de GTA, e em postos de rua da rede credenciada. Criada por meio da Lei n\u00ba 24.652\/2024, a iniciativa tem como objetivo incentivar o consumo de combust\u00edvel sustent\u00e1vel, limpo e renov\u00e1vel.<\/p>\n<p>A prioriza\u00e7\u00e3o do abastecimento a \u00e1lcool faz parte de uma diretriz estrat\u00e9gica do Governo de Minas, devido \u00e0s vantagens ambientais em compara\u00e7\u00e3o \u00e0 gasolina. Dessa forma, a transi\u00e7\u00e3o do abastecimento dos ve\u00edculos oficiais com motoriza\u00e7\u00e3o\u00a0<em>flex<\/em>\u00a0prev\u00ea migrar da gasolina para o \u00e1lcool, menos poluente que os combust\u00edveis f\u00f3sseis e com emiss\u00e3o de at\u00e9 80% menos gases de efeito estufa (GEE).<\/p>\n<p>Um estudo realizado pela Seplag-MG identificou que 68% dos ve\u00edculos da frota podem ser abastecidos a \u00e1lcool e apenas 5,98% s\u00e3o exclusivamente movidos a gasolina. Os demais ve\u00edculos s\u00e3o a diesel.<\/p>\n<p><strong>Gest\u00e3o Total dos Abastecimentos<\/strong><\/p>\n<p>No modelo GTA, que corresponde a 75% do volume de abastecimento da frota, existem 78 postos pr\u00f3prios do Estado ativos e distribu\u00eddos em 66 munic\u00edpios.\u00a0 A coordena\u00e7\u00e3o do modelo \u00e9 feita pela Seplag-MG. Os postos est\u00e3o alocados em im\u00f3veis p\u00fablicos, administrados pela\u00a0<a href=\"https:\/\/www.policiamilitar.mg.gov.br\/\" target=\"_blank\" rel=\"noopener\">Pol\u00edcia Militar de Minas Gerais (PMMG)<\/a>,\u00a0<a href=\"https:\/\/www.bombeiros.mg.gov.br\/\" target=\"_blank\" rel=\"noopener\">Corpo de Bombeiros Militar de Minas Gerais (CBMMG)<\/a>\u00a0e\u00a0<a href=\"https:\/\/www.policiacivil.mg.gov.br\/\" target=\"_blank\" rel=\"noopener\">Pol\u00edcia Civil de Minas Gerais (PCMG)<\/a>, com uso compartilhado por mais de 50 \u00f3rg\u00e3os e entidades.<\/p>\n<p>A compra e o pagamento dos combust\u00edveis s\u00e3o feitos por cada \u00f3rg\u00e3o e entidade, mas consolidada pela Seplag-MG. A partir de agora, ser\u00e1 feita uma nova e \u00fanica contrata\u00e7\u00e3o em que ser\u00e3o atendidos todos os \u00f3rg\u00e3os e entidades. A novidade vai tirar a necessidade de que cada institui\u00e7\u00e3o formalize um contrato espec\u00edfico para o atendimento de sua demanda.<\/p>\n<p>Assim que o novo contrato estiver vigente, as corpora\u00e7\u00f5es da PMMG e da PCMG, respons\u00e1veis por 75% da demanda, ser\u00e3o as primeiras a abastecer com \u00e1lcool em alguns postos. Os demais \u00f3rg\u00e3os ter\u00e3o acesso a partir do quinto m\u00eas de vig\u00eancia, e poder\u00e3o fazer pedidos de \u00e1lcool e abastecer com este combust\u00edvel em 77 postos do modelo GTA. A previs\u00e3o \u00e9 que em outubro de 2025, 78 postos j\u00e1 ter\u00e3o etanol.<\/p>\n<p>Fonte: Ag\u00eancia Minas<\/p>\n","protected":false},"excerpt":{"rendered":"<p>O\u00a0Governo de Minas, por meio da\u00a0Secretaria de Estado de Planejamento e Gest\u00e3o (Seplag-MG), ir\u00e1 substituir gradualmente o abastecimento de sua frota veicular de gasolina para \u00e1lcool. A mudan\u00e7a j\u00e1 come\u00e7ou a ser implementada e faz parte da pol\u00edtica estadual de incentivo ao consumo do etanol, &#8220;Na Hora de Abastecer, Escolha o Etanol&#8221;. Desde junho de [&hellip;]<\/p>\n","protected":false},"author":246,"featured_media":225423,"comment_status":"closed","ping_status":"closed","sticky":false,"template":"","format":"standard","meta":{"footnotes":""},"categories":[301,436,261,254,439],"tags":[],"class_list":["post-225422","post","type-post","status-publish","format-standard","has-post-thumbnail","hentry","category-artigos-policiais","category-destaque-da-semana","category-economia","category-politica","category-ultima-hora"],"_links":{"self":[{"href":"https:\/\/diarioregionaldigital.com.br\/index.php?rest_route=\/wp\/v2\/posts\/225422","targetHints":{"allow":["GET"]}}],"collection":[{"href":"https:\/\/diarioregionaldigital.com.br\/index.php?rest_route=\/wp\/v2\/posts"}],"about":[{"href":"https:\/\/diarioregionaldigital.com.br\/index.php?rest_route=\/wp\/v2\/types\/post"}],"author":[{"embeddable":true,"href":"https:\/\/diarioregionaldigital.com.br\/index.php?rest_route=\/wp\/v2\/users\/246"}],"replies":[{"embeddable":true,"href":"https:\/\/diarioregionaldigital.com.br\/index.php?rest_route=%2Fwp%2Fv2%2Fcomments&post=225422"}],"version-history":[{"count":1,"href":"https:\/\/diarioregionaldigital.com.br\/index.php?rest_route=\/wp\/v2\/posts\/225422\/revisions"}],"predecessor-version":[{"id":225424,"href":"https:\/\/diarioregionaldigital.com.br\/index.php?rest_route=\/wp\/v2\/posts\/225422\/revisions\/225424"}],"wp:featuredmedia":[{"embeddable":true,"href":"https:\/\/diarioregionaldigital.com.br\/index.php?rest_route=\/wp\/v2\/media\/225423"}],"wp:attachment":[{"href":"https:\/\/diarioregionaldigital.com.br\/index.php?rest_route=%2Fwp%2Fv2%2Fmedia&parent=225422"}],"wp:term":[{"taxonomy":"category","embeddable":true,"href":"https:\/\/diarioregionaldigital.com.br\/index.php?rest_route=%2Fwp%2Fv2%2Fcategories&post=225422"},{"taxonomy":"post_tag","embeddable":true,"href":"https:\/\/diarioregionaldigital.com.br\/index.php?rest_route=%2Fwp%2Fv2%2Ftags&post=225422"}],"curies":[{"name":"wp","href":"https:\/\/api.w.org\/{rel}","templated":true}]}}