{"id":225419,"date":"2024-11-13T19:23:39","date_gmt":"2024-11-13T22:23:39","guid":{"rendered":"https:\/\/diarioregionaldigital.com.br\/?p=225419"},"modified":"2024-11-13T19:23:39","modified_gmt":"2024-11-13T22:23:39","slug":"governo-de-minas-anuncia-programa-de-ppps-municipais","status":"publish","type":"post","link":"https:\/\/diarioregionaldigital.com.br\/?p=225419","title":{"rendered":"Governo de Minas anuncia programa de PPPs municipais"},"content":{"rendered":"<p><main class=\"clear margin-md-bottom-3\"><\/p>\n<div class=\"clear \">\n<p>A viabiliza\u00e7\u00e3o de obras de infraestrutura e melhorias nos servi\u00e7os essenciais \u00e9 um desafio da gest\u00e3o municipal. Diante disso, o\u00a0<a href=\"https:\/\/www.mg.gov.br\/\" target=\"_blank\" rel=\"noopener\">Governo de Minas<\/a>, por meio da\u00a0<a href=\"http:\/\/www.infraestrutura.mg.gov.br\/\" target=\"_blank\" rel=\"noopener\">Secretaria de Estado de Infraestrutura, Mobilidade e Parcerias (Seinfra)<\/a>\u00a0e da\u00a0<a href=\"http:\/\/www.codemge.com.br\/\" target=\"_blank\" rel=\"noopener\">Companhia de Desenvolvimento de Minas Gerais (Codemge)<\/a>, lan\u00e7ou, nesta quarta-feira (13\/11), o programa Cidade Parceira, durante o s\u00e9timo Congresso Mineiro de Novos Gestores, em Belo Horizonte.<\/p>\n<p>O Cidade Parceira visa oferecer aos munic\u00edpios todo apoio t\u00e9cnico e operacional em projetos de concess\u00f5es e Parcerias P\u00fablico-Privadas (PPPs). As PPPs t\u00eam se tornado cada vez mais estrat\u00e9gicas como modelo de gest\u00e3o, uma vez que aliam a fiscaliza\u00e7\u00e3o rigorosa do poder p\u00fablico ao capital, conhecimento e agilidade do setor privado.<\/p>\n<p>O diretor-presidente da Codemge, S\u00e9rgio Cabral, salientou durante o evento a capacidade transformadora do programa nos munic\u00edpios aderentes. \u201cApoiar as prefeituras na estrutura\u00e7\u00e3o e no levantamento de investimentos, com o conhecimento t\u00e9cnico do governo, impacta diretamente na qualidade dos servi\u00e7os p\u00fablicos locais. \u00c9 beneficiar os cidad\u00e3os e capilarizar o desenvolvimento por todo o estado\u201d.<\/p>\n<p>Para o secret\u00e1rio de Estado de Infraestrutura, Mobilidade e Parcerias, Pedro Bruno, o programa \u00e9 importante para levar a expertise da Seinfra aos munic\u00edpios. \u201cEssa iniciativa \u00e9 fundamental para que as prefeituras possam ampliar o uso de concess\u00f5es e PPPs, a fim de promover o desenvolvimento e o crescimento sustent\u00e1vel das cidades e da regi\u00e3o\u201d.<\/p>\n<p><strong>Ades\u00e3o<\/strong><\/p>\n<p>Com o programa, os munic\u00edpios poder\u00e3o pleitear apoio a projetos em seis segmentos: educa\u00e7\u00e3o, abastecimento de \u00e1gua e esgoto, res\u00edduos s\u00f3lidos urbanos, ilumina\u00e7\u00e3o p\u00fablica, mobilidade urbana municipal e sa\u00fade. A consultoria abrange todas as fases de uma PPP, desde os estudos de viabilidade at\u00e9 a prospec\u00e7\u00e3o de investidores.<\/p>\n<p>Al\u00e9m das entidades governamentais, participam do Cidade Parceira o Escrit\u00f3rio das Na\u00e7\u00f5es Unidas de Servi\u00e7os para Projetos (UNOPS)\u00a0 e o Banco Interamericano de Desenvolvimento (BID).<\/p>\n<p>As condi\u00e7\u00f5es de participa\u00e7\u00e3o e as inscri\u00e7\u00f5es para o programa ser\u00e3o abertas no primeiro semestre de 2025. Outras informa\u00e7\u00f5es sobre o Cidade Parceira podem ser obtidas no site da Seinfra e da Codemge, ou pelo e-mail\u00a0<a href=\"mailto:cidadeparceira@codemge.com.br\">cidadeparceira@codemge.com.br<\/a>.<\/p>\n<p>Fonte: Ag\u00eancia Minas<\/p>\n<\/div>\n<p><\/main><\/p>\n","protected":false},"excerpt":{"rendered":"<p>A viabiliza\u00e7\u00e3o de obras de infraestrutura e melhorias nos servi\u00e7os essenciais \u00e9 um desafio da gest\u00e3o municipal. Diante disso, o\u00a0Governo de Minas, por meio da\u00a0Secretaria de Estado de Infraestrutura, Mobilidade e Parcerias (Seinfra)\u00a0e da\u00a0Companhia de Desenvolvimento de Minas Gerais (Codemge), lan\u00e7ou, nesta quarta-feira (13\/11), o programa Cidade Parceira, durante o s\u00e9timo Congresso Mineiro de Novos [&hellip;]<\/p>\n","protected":false},"author":246,"featured_media":225420,"comment_status":"closed","ping_status":"closed","sticky":false,"template":"","format":"standard","meta":{"footnotes":""},"categories":[436,440,261,254,439],"tags":[],"class_list":["post-225419","post","type-post","status-publish","format-standard","has-post-thumbnail","hentry","category-destaque-da-semana","category-destaques-do-dia","category-economia","category-politica","category-ultima-hora"],"_links":{"self":[{"href":"https:\/\/diarioregionaldigital.com.br\/index.php?rest_route=\/wp\/v2\/posts\/225419","targetHints":{"allow":["GET"]}}],"collection":[{"href":"https:\/\/diarioregionaldigital.com.br\/index.php?rest_route=\/wp\/v2\/posts"}],"about":[{"href":"https:\/\/diarioregionaldigital.com.br\/index.php?rest_route=\/wp\/v2\/types\/post"}],"author":[{"embeddable":true,"href":"https:\/\/diarioregionaldigital.com.br\/index.php?rest_route=\/wp\/v2\/users\/246"}],"replies":[{"embeddable":true,"href":"https:\/\/diarioregionaldigital.com.br\/index.php?rest_route=%2Fwp%2Fv2%2Fcomments&post=225419"}],"version-history":[{"count":1,"href":"https:\/\/diarioregionaldigital.com.br\/index.php?rest_route=\/wp\/v2\/posts\/225419\/revisions"}],"predecessor-version":[{"id":225421,"href":"https:\/\/diarioregionaldigital.com.br\/index.php?rest_route=\/wp\/v2\/posts\/225419\/revisions\/225421"}],"wp:featuredmedia":[{"embeddable":true,"href":"https:\/\/diarioregionaldigital.com.br\/index.php?rest_route=\/wp\/v2\/media\/225420"}],"wp:attachment":[{"href":"https:\/\/diarioregionaldigital.com.br\/index.php?rest_route=%2Fwp%2Fv2%2Fmedia&parent=225419"}],"wp:term":[{"taxonomy":"category","embeddable":true,"href":"https:\/\/diarioregionaldigital.com.br\/index.php?rest_route=%2Fwp%2Fv2%2Fcategories&post=225419"},{"taxonomy":"post_tag","embeddable":true,"href":"https:\/\/diarioregionaldigital.com.br\/index.php?rest_route=%2Fwp%2Fv2%2Ftags&post=225419"}],"curies":[{"name":"wp","href":"https:\/\/api.w.org\/{rel}","templated":true}]}}