{"id":225416,"date":"2024-11-13T19:22:40","date_gmt":"2024-11-13T22:22:40","guid":{"rendered":"https:\/\/diarioregionaldigital.com.br\/?p=225416"},"modified":"2024-11-13T19:22:40","modified_gmt":"2024-11-13T22:22:40","slug":"prodemge-migra-mgapp-para-nuvem-e-viabiliza-ampliacao-de-servicos-on-line-oferecidos-aos-cidadaos-pelo-governo-de-minas","status":"publish","type":"post","link":"https:\/\/diarioregionaldigital.com.br\/?p=225416","title":{"rendered":"Prodemge migra MGApp para nuvem e viabiliza amplia\u00e7\u00e3o de servi\u00e7os on-line oferecidos aos cidad\u00e3os pelo Governo de Minas"},"content":{"rendered":"<p>A\u00a0<a href=\"https:\/\/www.prodemge.gov.br\/\" target=\"_blank\" rel=\"noopener\">Companhia de Tecnologia da Informa\u00e7\u00e3o do Estado de Minas Gerais (Prodemge)<\/a>\u00a0acaba de transferir a hospedagem do aplicativo MGApp para a nuvem. Com isso, os 5 milh\u00f5es de usu\u00e1rios j\u00e1 cadastrados ter\u00e3o ainda mais qualidade tecnol\u00f3gica para acessar os mais de cem servi\u00e7os on-line disponibilizados pela\u00a0<a href=\"https:\/\/www.mg.gov.br\/planejamento\" target=\"_blank\" rel=\"noopener\">Secretaria de Estado de Planejamento e Gest\u00e3o (Seplag)<\/a>\u00a0no aplicativo.<\/p>\n<p>Em constante evolu\u00e7\u00e3o, o sistema desenvolvido pela Prodemge\u00a0\u00e9 um dos primeiros a migrar para a cloud-computing, rede extensa de servidores remotos que armazenam e gerenciam dados, executam aplicativos e fornecem conte\u00fado e servi\u00e7os pela internet.<\/p>\n<p>No projeto desde 2020, a scrum master da Prodemge, Daniela Maria Avelar de Carvalho, explica que a mudan\u00e7a traz melhorias para o dia a dia dos usu\u00e1rios e amplia a capacidade de o aplicativo suportar novos servi\u00e7os.<\/p>\n<p>&#8220;O ambiente de nuvem tem capacidade auto-scaling, que permite equalizar o n\u00famero de servidores de TI \u00e0 demanda de usu\u00e1rios. Com isso, h\u00e1 uso mais racional de recursos computacionais e, consequentemente, financeiros, com economia para a administra\u00e7\u00e3o estadual\u201d.<\/p>\n<p><strong>Inova\u00e7\u00e3o<\/strong><\/p>\n<p>A tecnologia desenvolvida pela Prodemge promove o acesso do cidad\u00e3o a cem servi\u00e7os p\u00fablicos, de diferentes \u00f3rg\u00e3os estaduais, por meio do MGapp. E tudo isso via on-line, pelo celular ou computador com acesso \u00e0 internet, sem que o cidad\u00e3o precise se deslocar ou perder tempo em atendimento presencial.<\/p>\n<p>&#8220;A partir da forte parceria com a Seplag, novas funcionalidades sempre s\u00e3o desenvolvidas para facilitar e agilizar a vida do cidad\u00e3o mineiro. E mais pessoas acessam o sistema a cada dia&#8221;, refor\u00e7a Daniela.<\/p>\n<p>Quem comemora a chegada o MGApp \u00e0 rotina \u00e9 a estudante Isabela Alves Cordeiro, 16 anos, aluna da Escola Estadual Afonso Pena, no munic\u00edpio de Santa B\u00e1rbara, na regi\u00e3o Central de Minas. Desde agosto, ela deixou o boletim de papel para tr\u00e1s e come\u00e7ou a acompanhar as notas pelo MGapp.<\/p>\n<p>&#8220;O uso do aplicativo trouxe uma mudan\u00e7a grande pois acaba facilitando para que os alunos consigam ver a nota em todos os momentos e ajuda quando precisamos fazer matr\u00edcula em curso ou escola e n\u00e3o temos o boletim de papel em m\u00e3os. Geralmente, temos a atualiza\u00e7\u00e3o das notas em duas semanas ap\u00f3s o di\u00e1rio fechar&#8221;, destaca.<\/p>\n<p>O MGApp est\u00e1 dispon\u00edvel nos sistemas Android, iOs e em vers\u00e3o web.<\/p>\n<p>Fonte: Ag\u00eancia Minas<\/p>\n","protected":false},"excerpt":{"rendered":"<p>A\u00a0Companhia de Tecnologia da Informa\u00e7\u00e3o do Estado de Minas Gerais (Prodemge)\u00a0acaba de transferir a hospedagem do aplicativo MGApp para a nuvem. Com isso, os 5 milh\u00f5es de usu\u00e1rios j\u00e1 cadastrados ter\u00e3o ainda mais qualidade tecnol\u00f3gica para acessar os mais de cem servi\u00e7os on-line disponibilizados pela\u00a0Secretaria de Estado de Planejamento e Gest\u00e3o (Seplag)\u00a0no aplicativo. Em constante [&hellip;]<\/p>\n","protected":false},"author":246,"featured_media":225417,"comment_status":"closed","ping_status":"closed","sticky":false,"template":"","format":"standard","meta":{"footnotes":""},"categories":[436,440,261,254,439],"tags":[],"class_list":["post-225416","post","type-post","status-publish","format-standard","has-post-thumbnail","hentry","category-destaque-da-semana","category-destaques-do-dia","category-economia","category-politica","category-ultima-hora"],"_links":{"self":[{"href":"https:\/\/diarioregionaldigital.com.br\/index.php?rest_route=\/wp\/v2\/posts\/225416","targetHints":{"allow":["GET"]}}],"collection":[{"href":"https:\/\/diarioregionaldigital.com.br\/index.php?rest_route=\/wp\/v2\/posts"}],"about":[{"href":"https:\/\/diarioregionaldigital.com.br\/index.php?rest_route=\/wp\/v2\/types\/post"}],"author":[{"embeddable":true,"href":"https:\/\/diarioregionaldigital.com.br\/index.php?rest_route=\/wp\/v2\/users\/246"}],"replies":[{"embeddable":true,"href":"https:\/\/diarioregionaldigital.com.br\/index.php?rest_route=%2Fwp%2Fv2%2Fcomments&post=225416"}],"version-history":[{"count":1,"href":"https:\/\/diarioregionaldigital.com.br\/index.php?rest_route=\/wp\/v2\/posts\/225416\/revisions"}],"predecessor-version":[{"id":225418,"href":"https:\/\/diarioregionaldigital.com.br\/index.php?rest_route=\/wp\/v2\/posts\/225416\/revisions\/225418"}],"wp:featuredmedia":[{"embeddable":true,"href":"https:\/\/diarioregionaldigital.com.br\/index.php?rest_route=\/wp\/v2\/media\/225417"}],"wp:attachment":[{"href":"https:\/\/diarioregionaldigital.com.br\/index.php?rest_route=%2Fwp%2Fv2%2Fmedia&parent=225416"}],"wp:term":[{"taxonomy":"category","embeddable":true,"href":"https:\/\/diarioregionaldigital.com.br\/index.php?rest_route=%2Fwp%2Fv2%2Fcategories&post=225416"},{"taxonomy":"post_tag","embeddable":true,"href":"https:\/\/diarioregionaldigital.com.br\/index.php?rest_route=%2Fwp%2Fv2%2Ftags&post=225416"}],"curies":[{"name":"wp","href":"https:\/\/api.w.org\/{rel}","templated":true}]}}