{"id":225411,"date":"2024-11-12T20:51:59","date_gmt":"2024-11-12T23:51:59","guid":{"rendered":"https:\/\/diarioregionaldigital.com.br\/?p=225411"},"modified":"2024-11-12T20:51:59","modified_gmt":"2024-11-12T23:51:59","slug":"museu-mariano-procopio-recebe-apresentacao-do-grupo-batuque-afro-brasileiro-nelson-silva","status":"publish","type":"post","link":"https:\/\/diarioregionaldigital.com.br\/?p=225411","title":{"rendered":"Museu Mariano Proc\u00f3pio recebe apresenta\u00e7\u00e3o do grupo \u201cBatuque Afro-Brasileiro Nelson Silva\u201d"},"content":{"rendered":"<p>Segundo informa\u00e7\u00f5es do site da Prefeitura de Juiz de Fora (PJF), bem Cultural Imaterial de Juiz de Fora, por seu valor hist\u00f3rico e cultural que envolve sua tradi\u00e7\u00e3o, divulgando a cultura negra atrav\u00e9s de suas composi\u00e7\u00f5es, o Batuque Afro-Brasileiro Nelson Silva se apresenta no Museu Mariano Proc\u00f3pio nesta quinta-feira, 14, a partir das 18h. O acesso ao evento ser\u00e1 pela Rua Dom Pedro II, 350, a partir das 17h30. A entrada \u00e9 gratuita e livre para todos os p\u00fablicos.<br \/>\nA apresenta\u00e7\u00e3o abre as atividades do Novembro Negro no Museu Mariano Proc\u00f3pio e tamb\u00e9m faz parte da 8\u00aa Noite Mineira de Museus e Bibliotecas, uma a\u00e7\u00e3o do Governo de Minas Gerais, realizada pela Secretaria de Estado de Cultura e Turismo de Minas Gerais (Secult\/MG), que tem como objetivo incentivar novas atividades, dar visibilidade a elas e formar novos p\u00fablicos, de modo que o atendimento seja expandido.<br \/>\nO grupo, criado em 1964 pelo compositor Nelson Silva, re\u00fane ritmo, dan\u00e7a, composi\u00e7\u00e3o, arte, cultura e resist\u00eancia, mantendo repert\u00f3rio pr\u00f3prio, com composi\u00e7\u00f5es com batuques, sambas, arranjos e maculel\u00eas. Ao cantar as dificuldades e as esperan\u00e7as dos antepassados, os integrantes do grupo entoam suas pr\u00f3prias lutas, mantendo vivo o compromisso de preservar as tradi\u00e7\u00f5es.<\/p>\n","protected":false},"excerpt":{"rendered":"<p>Segundo informa\u00e7\u00f5es do site da Prefeitura de Juiz de Fora (PJF), bem Cultural Imaterial de Juiz de Fora, por seu valor hist\u00f3rico e cultural que envolve sua tradi\u00e7\u00e3o, divulgando a cultura negra atrav\u00e9s de suas composi\u00e7\u00f5es, o Batuque Afro-Brasileiro Nelson Silva se apresenta no Museu Mariano Proc\u00f3pio nesta quinta-feira, 14, a partir das 18h. O [&hellip;]<\/p>\n","protected":false},"author":246,"featured_media":225412,"comment_status":"closed","ping_status":"closed","sticky":false,"template":"","format":"standard","meta":{"footnotes":""},"categories":[253,436,439],"tags":[],"class_list":["post-225411","post","type-post","status-publish","format-standard","has-post-thumbnail","hentry","category-cidade","category-destaque-da-semana","category-ultima-hora"],"_links":{"self":[{"href":"https:\/\/diarioregionaldigital.com.br\/index.php?rest_route=\/wp\/v2\/posts\/225411","targetHints":{"allow":["GET"]}}],"collection":[{"href":"https:\/\/diarioregionaldigital.com.br\/index.php?rest_route=\/wp\/v2\/posts"}],"about":[{"href":"https:\/\/diarioregionaldigital.com.br\/index.php?rest_route=\/wp\/v2\/types\/post"}],"author":[{"embeddable":true,"href":"https:\/\/diarioregionaldigital.com.br\/index.php?rest_route=\/wp\/v2\/users\/246"}],"replies":[{"embeddable":true,"href":"https:\/\/diarioregionaldigital.com.br\/index.php?rest_route=%2Fwp%2Fv2%2Fcomments&post=225411"}],"version-history":[{"count":1,"href":"https:\/\/diarioregionaldigital.com.br\/index.php?rest_route=\/wp\/v2\/posts\/225411\/revisions"}],"predecessor-version":[{"id":225413,"href":"https:\/\/diarioregionaldigital.com.br\/index.php?rest_route=\/wp\/v2\/posts\/225411\/revisions\/225413"}],"wp:featuredmedia":[{"embeddable":true,"href":"https:\/\/diarioregionaldigital.com.br\/index.php?rest_route=\/wp\/v2\/media\/225412"}],"wp:attachment":[{"href":"https:\/\/diarioregionaldigital.com.br\/index.php?rest_route=%2Fwp%2Fv2%2Fmedia&parent=225411"}],"wp:term":[{"taxonomy":"category","embeddable":true,"href":"https:\/\/diarioregionaldigital.com.br\/index.php?rest_route=%2Fwp%2Fv2%2Fcategories&post=225411"},{"taxonomy":"post_tag","embeddable":true,"href":"https:\/\/diarioregionaldigital.com.br\/index.php?rest_route=%2Fwp%2Fv2%2Ftags&post=225411"}],"curies":[{"name":"wp","href":"https:\/\/api.w.org\/{rel}","templated":true}]}}