{"id":225408,"date":"2024-11-12T20:48:57","date_gmt":"2024-11-12T23:48:57","guid":{"rendered":"https:\/\/diarioregionaldigital.com.br\/?p=225408"},"modified":"2024-11-12T20:48:57","modified_gmt":"2024-11-12T23:48:57","slug":"abertas-as-inscricoes-de-empresas-para-o-espaco-emprego-jf-edicao-migrantes-e-refugiados","status":"publish","type":"post","link":"https:\/\/diarioregionaldigital.com.br\/?p=225408","title":{"rendered":"Abertas as inscri\u00e7\u00f5es de empresas para o &#8220;Espa\u00e7o Emprego JF &#8211; Edi\u00e7\u00e3o Migrantes e Refugiados\u201d"},"content":{"rendered":"<p>Segundo informa\u00e7\u00f5es do site da Prefeitura de Juiz de Fora (PJF), em comemora\u00e7\u00e3o \u00e0 &#8220;Semana dos Direitos Humanos&#8221;, a Prefeitura de Juiz de Fora (PJF), por meio da Secretaria de Desenvolvimento Sustent\u00e1vel e Inclusivo, da Inova\u00e7\u00e3o e Competitividade (Sedic) e da Secretaria Especial de Direitos Humanos (SEDH), abre inscri\u00e7\u00f5es para empresas locais \u00a0interessadas em participar do projeto &#8220;Espa\u00e7o Emprego JF &#8211; Edi\u00e7\u00e3o Migrantes e Refugiados\u201d, que ser\u00e1 realizado no dia 29 de novembro, das 9h \u00e0s 13h. As inscri\u00e7\u00f5es s\u00e3o gratuitas e devem ser realizadas at\u00e9 o pr\u00f3ximo dia 20, pelo endere\u00e7o <a href=\"https:\/\/linktr.ee\/Sedic\">eletr\u00f4nico<\/a>.<\/p>\n<p>Podem participar empresas e entidades representativas, com oportunidades de emprego dispon\u00edveis para divulga\u00e7\u00e3o e\/ou contrata\u00e7\u00e3o de migrantes e refugiados. As empresas poder\u00e3o disponibilizar recrutadores e profissionais de RH, para cadastro de curr\u00edculos, entrevista, e an\u00e1lise do perfil profissional de quem est\u00e1 em busca das vagas de emprego.<\/p>\n","protected":false},"excerpt":{"rendered":"<p>Segundo informa\u00e7\u00f5es do site da Prefeitura de Juiz de Fora (PJF), em comemora\u00e7\u00e3o \u00e0 &#8220;Semana dos Direitos Humanos&#8221;, a Prefeitura de Juiz de Fora (PJF), por meio da Secretaria de Desenvolvimento Sustent\u00e1vel e Inclusivo, da Inova\u00e7\u00e3o e Competitividade (Sedic) e da Secretaria Especial de Direitos Humanos (SEDH), abre inscri\u00e7\u00f5es para empresas locais \u00a0interessadas em participar [&hellip;]<\/p>\n","protected":false},"author":246,"featured_media":225409,"comment_status":"closed","ping_status":"closed","sticky":false,"template":"","format":"standard","meta":{"footnotes":""},"categories":[253,436,440,439],"tags":[],"class_list":["post-225408","post","type-post","status-publish","format-standard","has-post-thumbnail","hentry","category-cidade","category-destaque-da-semana","category-destaques-do-dia","category-ultima-hora"],"_links":{"self":[{"href":"https:\/\/diarioregionaldigital.com.br\/index.php?rest_route=\/wp\/v2\/posts\/225408","targetHints":{"allow":["GET"]}}],"collection":[{"href":"https:\/\/diarioregionaldigital.com.br\/index.php?rest_route=\/wp\/v2\/posts"}],"about":[{"href":"https:\/\/diarioregionaldigital.com.br\/index.php?rest_route=\/wp\/v2\/types\/post"}],"author":[{"embeddable":true,"href":"https:\/\/diarioregionaldigital.com.br\/index.php?rest_route=\/wp\/v2\/users\/246"}],"replies":[{"embeddable":true,"href":"https:\/\/diarioregionaldigital.com.br\/index.php?rest_route=%2Fwp%2Fv2%2Fcomments&post=225408"}],"version-history":[{"count":1,"href":"https:\/\/diarioregionaldigital.com.br\/index.php?rest_route=\/wp\/v2\/posts\/225408\/revisions"}],"predecessor-version":[{"id":225410,"href":"https:\/\/diarioregionaldigital.com.br\/index.php?rest_route=\/wp\/v2\/posts\/225408\/revisions\/225410"}],"wp:featuredmedia":[{"embeddable":true,"href":"https:\/\/diarioregionaldigital.com.br\/index.php?rest_route=\/wp\/v2\/media\/225409"}],"wp:attachment":[{"href":"https:\/\/diarioregionaldigital.com.br\/index.php?rest_route=%2Fwp%2Fv2%2Fmedia&parent=225408"}],"wp:term":[{"taxonomy":"category","embeddable":true,"href":"https:\/\/diarioregionaldigital.com.br\/index.php?rest_route=%2Fwp%2Fv2%2Fcategories&post=225408"},{"taxonomy":"post_tag","embeddable":true,"href":"https:\/\/diarioregionaldigital.com.br\/index.php?rest_route=%2Fwp%2Fv2%2Ftags&post=225408"}],"curies":[{"name":"wp","href":"https:\/\/api.w.org\/{rel}","templated":true}]}}