{"id":225405,"date":"2024-11-12T20:47:44","date_gmt":"2024-11-12T23:47:44","guid":{"rendered":"https:\/\/diarioregionaldigital.com.br\/?p=225405"},"modified":"2024-11-12T20:47:44","modified_gmt":"2024-11-12T23:47:44","slug":"calendario-do-brasileirao-2025-tera-duracao-de-10-meses-anuncia-cbf","status":"publish","type":"post","link":"https:\/\/diarioregionaldigital.com.br\/?p=225405","title":{"rendered":"Calend\u00e1rio do Brasileir\u00e3o 2025 ter\u00e1 dura\u00e7\u00e3o de 10 meses, anuncia CBF"},"content":{"rendered":"<p>A dura\u00e7\u00e3o do Campeonato Brasileiro de 2025 ter\u00e1 10 meses, com in\u00edcio em 29 de mar\u00e7o e t\u00e9rmino em 21 de dezembro. Essa \u00e9 uma das principais novidades do\u00a0<a href=\"https:\/\/www.cbf.com.br\/a-cbf\/noticias\/detalhes\/informes\/calendario-2025-campeonato-brasileiro-tera-10-meses\"><strong>calend\u00e1rio de 2025 do\u00a0futebol nacional<\/strong><\/a>\u00a0anunciado nesta ter\u00e7a-feira (12) pela Confedera\u00e7\u00e3o Brasileira de Futebol (CBF). A modifica\u00e7\u00e3o, segundo Ednaldo Rodrigues, presidente da entidade, foi necess\u00e1ria para evitar conflito do Brasileir\u00e3o com o Mundial de Clubes no ano que vem, que contar\u00e1 com Flamengo, Fluminense, Palmeiras e com o campe\u00e3o da Copa Libertadores (Atl\u00e9tico-MG ou Botafogo). O Mundial ocorrer\u00e1 entre 15 de junho e 13 de julho.<img decoding=\"async\" src=\"https:\/\/agenciabrasil.ebc.com.br\/ebc.png?id=1619294&amp;o=node\" \/><img decoding=\"async\" src=\"https:\/\/agenciabrasil.ebc.com.br\/ebc.gif?id=1619294&amp;o=node\" \/><\/p>\n<p>Outra altera\u00e7\u00e3o \u00e9 a data de in\u00edcio dos campeonatos estaduais: come\u00e7ar\u00e3o em 12 de janeiro e terminar\u00e3o em 26 de mar\u00e7o.<\/p>\n<blockquote><p>&#8220;Conseguimos com muito di\u00e1logo fazer um calend\u00e1rio melhor para clubes, federa\u00e7\u00f5es, atletas, dirigentes e f\u00e3s do futebol brasileiro. Dialogamos exaustivamente com as Federa\u00e7\u00f5es e a Comiss\u00e3o Nacional de Clubes e contamos com o apoio dessas institui\u00e7\u00f5es para avan\u00e7armos. O Brasileiro vai durar dez meses, acrescentamos a paralisa\u00e7\u00e3o do campeonato durante o Mundial de Clubes da Fifa e ainda conseguimos manter as Datas Fifas sem jogos no calend\u00e1rio brasileiro&#8221;, pontuou Ednaldo Rodrigues.<\/p><\/blockquote>\n<p>A CBF tamb\u00e9m inovou estabelecendo um intervalo para o retorno de jogadores convocados para a sele\u00e7\u00e3o a seus times\u00a0de origem. Os clubes\u00a0que tiverem atletas na sele\u00e7\u00e3o ter\u00e3o o prazo\u00a0preservado de 48 horas entre o fim do per\u00edodo da Data Fifa e suas respectivas partidas no Brasileir\u00e3o. Este \u00e9 o terceiro ano seguido que o Campeonato Brasileiro sofrer\u00e1 interrup\u00e7\u00e3o nas Datas Fifa (per\u00edodo em que sele\u00e7\u00f5es de cada um dos seis continentes se re\u00fanem para jogos oficiais e amistosos).<\/p>\n<blockquote><p>&#8220;As melhorias no futebol brasileiro precisam de desprendimento e compreens\u00e3o de todos. Gosto de di\u00e1logo, sou uma pessoa democr\u00e1tica, mas preciso decidir. Fizemos bons avan\u00e7os neste calend\u00e1rio de 2025 e vamos continuar trabalhando. Vamos sempre respeitar o direito de cada um, mas seguiremos com o objetivo de tornar o futebol brasileiro ainda melhor e mais interessante para todos&#8221;, concluiu o presidente da CBF.<\/p><\/blockquote>\n<p>Assim como ocorreu este ano, as semifinais e as finais da Copa do Brasil ser\u00e3o disputadas em dois finais de semana.<\/p>\n<h2>Calend\u00e1rio do futebol brasileiro em 2025<\/h2>\n<p>Supercopa do Brasil &#8211; 02\/02 (01 data)<\/p>\n<p>Copa do Brasil &#8211; 19\/02 a 09\/11 (14 datas)<\/p>\n<p>S\u00e9rie A &#8211;\u00a0\u00a029\/03 a 21\/12 (38 datas)<\/p>\n<p>S\u00e9rie B &#8211;\u00a005\/04 a 22\/11 (38 datas)<\/p>\n<p>S\u00e9rie C &#8211; 13\/4 a 26\/10 (27 datas)<\/p>\n<p>S\u00e9rie D &#8211; 13\/04 a 28\/09 (24 datas)<\/p>\n<p>In\u00edcio do Recesso 2025\/26 (S\u00e9rie A) &#8211;\u00a022\/12\/2025 (15 datas)<\/p>\n<p><strong>Outras competi\u00e7\u00f5es \u00a0<\/strong><\/p>\n<p>Copa Libertadores (Conmebol) &#8211;\u00a0\u00a005\/02 a 29\/11 (19 datas)<\/p>\n<p>Copa\u00a0Sul-Americana (Conmebol) &#8211; 05\/03 a 22\/11 (15 datas)<\/p>\n<p>Recopa (Conmebol) &#8211;\u00a019\/02 e 26\/02 (02 datas)<\/p>\n<p>Mundial de Clubes (Fifa) &#8211; 15\/06 a 13\/07<\/p>\n<p>Fonte: Ag\u00eancia Brasil<\/p>\n","protected":false},"excerpt":{"rendered":"<p>A dura\u00e7\u00e3o do Campeonato Brasileiro de 2025 ter\u00e1 10 meses, com in\u00edcio em 29 de mar\u00e7o e t\u00e9rmino em 21 de dezembro. Essa \u00e9 uma das principais novidades do\u00a0calend\u00e1rio de 2025 do\u00a0futebol nacional\u00a0anunciado nesta ter\u00e7a-feira (12) pela Confedera\u00e7\u00e3o Brasileira de Futebol (CBF). A modifica\u00e7\u00e3o, segundo Ednaldo Rodrigues, presidente da entidade, foi necess\u00e1ria para evitar conflito [&hellip;]<\/p>\n","protected":false},"author":246,"featured_media":225406,"comment_status":"closed","ping_status":"closed","sticky":false,"template":"","format":"standard","meta":{"footnotes":""},"categories":[436,440,257,439],"tags":[],"class_list":["post-225405","post","type-post","status-publish","format-standard","has-post-thumbnail","hentry","category-destaque-da-semana","category-destaques-do-dia","category-esporte","category-ultima-hora"],"_links":{"self":[{"href":"https:\/\/diarioregionaldigital.com.br\/index.php?rest_route=\/wp\/v2\/posts\/225405","targetHints":{"allow":["GET"]}}],"collection":[{"href":"https:\/\/diarioregionaldigital.com.br\/index.php?rest_route=\/wp\/v2\/posts"}],"about":[{"href":"https:\/\/diarioregionaldigital.com.br\/index.php?rest_route=\/wp\/v2\/types\/post"}],"author":[{"embeddable":true,"href":"https:\/\/diarioregionaldigital.com.br\/index.php?rest_route=\/wp\/v2\/users\/246"}],"replies":[{"embeddable":true,"href":"https:\/\/diarioregionaldigital.com.br\/index.php?rest_route=%2Fwp%2Fv2%2Fcomments&post=225405"}],"version-history":[{"count":1,"href":"https:\/\/diarioregionaldigital.com.br\/index.php?rest_route=\/wp\/v2\/posts\/225405\/revisions"}],"predecessor-version":[{"id":225407,"href":"https:\/\/diarioregionaldigital.com.br\/index.php?rest_route=\/wp\/v2\/posts\/225405\/revisions\/225407"}],"wp:featuredmedia":[{"embeddable":true,"href":"https:\/\/diarioregionaldigital.com.br\/index.php?rest_route=\/wp\/v2\/media\/225406"}],"wp:attachment":[{"href":"https:\/\/diarioregionaldigital.com.br\/index.php?rest_route=%2Fwp%2Fv2%2Fmedia&parent=225405"}],"wp:term":[{"taxonomy":"category","embeddable":true,"href":"https:\/\/diarioregionaldigital.com.br\/index.php?rest_route=%2Fwp%2Fv2%2Fcategories&post=225405"},{"taxonomy":"post_tag","embeddable":true,"href":"https:\/\/diarioregionaldigital.com.br\/index.php?rest_route=%2Fwp%2Fv2%2Ftags&post=225405"}],"curies":[{"name":"wp","href":"https:\/\/api.w.org\/{rel}","templated":true}]}}